{"id":408,"date":"2022-08-15T08:22:57","date_gmt":"2022-08-15T06:22:57","guid":{"rendered":"https:\/\/hellonorvegia.devengo.hu\/?p=408"},"modified":"2022-08-15T08:22:58","modified_gmt":"2022-08-15T06:22:58","slug":"de-regen-jelentkeztem","status":"publish","type":"post","link":"https:\/\/hellonorvegia.devengo.hu\/?p=408","title":{"rendered":"De r\u00e9gen jelentkeztem&#8230;"},"content":{"rendered":"\n<p>Azta most l\u00e1tom, hogy utolj\u00e1ra m\u00e1rciusban \u00edrtam a blogomban. Persze ez nem azt jelenti, hogy nem t\u00f6rt\u00e9nt vel\u00fcnk semmi, hanem a tavasz annyira gyorsan elrep\u00fclt, hogy egyszer csak azon kaptam magam, hogy ism\u00e9t pakolom a b\u0151r\u00f6nd\u00f6ket, mert j\u00f6v\u00fcnk haza, Feh\u00e9rv\u00e1rra a ny\u00e1rra.<\/p>\n\n\n\n<p>Lehet most kicsit hossz\u00fa lesz ez a bejegyz\u00e9s, de pr\u00f3b\u00e1lom id\u0151rendben \u00f6sszeszedni a f\u0151bb esem\u00e9nyeket, ami t\u00f6rt\u00e9nt vel\u00fcnk az elm\u00falt id\u0151szakban.<\/p>\n\n\n\n<p><strong>\u00c1prilis-H\u00fasv\u00e9t:<\/strong><\/p>\n\n\n\n<p>V\u00e9gre h\u00fasv\u00e9tkor megl\u00e1togattak minket a tes\u00f3m\u00e9k Anyuval. 4 napot voltak n\u00e1lunk \u00e9s pr\u00f3b\u00e1ltunk a k\u00f6rny\u00e9ken min\u00e9l t\u00f6bb helyre eljutni. Szerencs\u00e9re az id\u0151j\u00e1r\u00e1s is vel\u00fcnk volt. V\u00e9gig gy\u00f6ny\u00f6r\u0171 napos id\u0151nk volt, am\u00edg Anyu\u00e9k itt voltak Norv\u00e9gi\u00e1ban. Hihetetlen volt nekem, hogy v\u00e9gre \u0151k is kijutottak hozz\u00e1nk. M\u00e1r nagyon r\u00e9g\u00f3ta szerettem volna megmutatni, hogy milyen sz\u00e9p helyen \u00e9l\u00fcnk. Ez most v\u00e9gre siker\u00fclt.&nbsp;<\/p>\n\n\n\n<p><strong>M\u00e1jus:&nbsp;<\/strong><\/p>\n\n\n\n<p>Lassan rem\u00e9lt\u00fck, hogy v\u00e9gre ism\u00e9t visszaj\u00f6n az a j\u00f3 id\u0151, ami utolj\u00e1ra akkor volt, amikor Anyu\u00e9k voltak n\u00e1lunk. Ennek rem\u00e9ny\u00e9ben az egyik h\u00e9tv\u00e9g\u00e9re lefoglaltunk egy Hydro-s nyaral\u00f3t. \u00c9vente fizetni kell egy tags\u00e1gi d\u00edjat, ami igaz\u00e1n nem sok, \u00e9s cser\u00e9be egy teljes h\u00e1zat tudunk lefoglalni Norv\u00e9gia k\u00fcl\u00f6nb\u00f6z\u0151 pontjain, ahol vagy j\u00f3kat lehet kir\u00e1ndulni, vagy k\u00f6zel van egy s\u00edp\u00e1ly\u00e1hoz. Az \u00fajabb \u00e9p\u00edt\u00e9s\u0171 h\u00e1zakhoz szauna is tartozik. Most nem ilyenbe ment\u00fcnk, de ez is nagyon sz\u00e9p, \u00e9s otthonos volt, kil\u00e1t\u00e1ssal a tengerre. Az id\u0151 szerencs\u00e9re nek\u00fcnk kedvezett, \u00edgy homokos tengerparton napozhattunk egy kicsit.&nbsp;<\/p>\n\n\n\n<p>Azt\u00e1n a m\u00e1jus 17-i \u00fcnneps\u00e9g ut\u00e1n n\u00e1lam beindult az \u0151r\u00fclet, \u00e9s egyik konferenci\u00e1r\u00f3l a m\u00e1sikra utaztam. El\u0151sz\u00f6r Bergenben kezdtem, aminek a szervez\u00e9s\u00e9ben \u00e9n is r\u00e9szt vettem. Onnan haza \u00e9rve m\u00e1snap rep\u00fcltem Lisszabonba. Igaz oda el\u00e9g lett volna vas\u00e1rnap este meg\u00e9rkezni, de ha m\u00e1r ott lehetek, akkor l\u00e1ssak is valamit a v\u00e1rosb\u00f3l, \u00edgy m\u00e1r szombaton elrep\u00fcltem, \u00e9s pr\u00f3b\u00e1ltam min\u00e9l t\u00f6bb l\u00e1tv\u00e1nyoss\u00e1got megn\u00e9zni.Az biztos, hogy ide m\u00e9g el fogom hozni a csal\u00e1dot. Ut\u00e1naval\u00f3 h\u00e9ten pedig Osl\u00f3ban volt egy egynapos konferencia, ahol v\u00e9gre megismerhettem a n\u00e9met sales koll\u00e9g\u00e1kat, akikkel egy\u00fctt dolgozok.<\/p>\n\n\n\n<p>J\u00f3 volt ez a p\u00f6rg\u00e9s, im\u00e1dtam minden perc\u00e9t. Sajnos az\u00e9rt nyom n\u00e9lk\u00fcl nem m\u00falt el, mert p\u00e1r nappal az utols\u00f3 konferencia ut\u00e1n bel\u00e1zasodtam. Pont egy nappal azel\u0151tt, amikor ment\u00fcnk volna ism\u00e9t egy Hydro-s nyaral\u00f3ba. De \u00fagy voltam vele, hogy v\u00e9g\u00fcl is teljesen mindegy, hogy otthon vagy a hytte-ben fekszek, majd max nem megyek a t\u00f6bbiekkel hegyet m\u00e1szni. Ez \u00edgy is lett, miut\u00e1n a covid tesztem negat\u00edv lett \u00e9s egyre gyan\u00fasabb volt, hogy ez valami arc\u00fcreggyullad\u00e1s lesz elutaztunk ism\u00e9t, hogy felfedezz\u00fcnk egy \u00fajabb sz\u00e9p k\u00f6rny\u00e9ket. A norv\u00e9g orvosi ell\u00e1t\u00e1s \u201csz\u00e9ps\u00e9geir\u0151l\u201d \u00e9s a k\u00e1lv\u00e1ri\u00e1mr\u00f3l, hogy mennyi ideig tartott mire v\u00e9gre megkaptam a megfelel\u0151 antibiotikumot, majd \u00edrok egy k\u00fcl\u00f6n posztot.&nbsp;<\/p>\n\n\n\n<p>Sz\u00f3val m\u00e1jus v\u00e9g\u00e9t \u00edrunk, \u00e9s m\u00e1r csak k\u00e9t h\u00e9t volt h\u00e9t volt h\u00e1tra, hogy a gyerekeknek befejez\u0151dj\u00f6n az iskola, \u00e9s j\u00f6jjenek Anik\u00f3\u00e9k hozz\u00e1nk l\u00e1togat\u00f3ba.<\/p>\n\n\n\n<p>A j\u00faniusi h\u00f3napunkr\u00f3l is k\u00fcl\u00f6n bejegyz\u00e9st fogok \u00edrni, mert annyi minden t\u00f6rt\u00e9nt vel\u00fcnk, \u00e9s annyi \u00e9lm\u00e9nyben volt r\u00e9sz\u00fcnk.\u00a0<\/p>\n\n\n\n<figure class=\"wp-block-image size-large\"><img loading=\"lazy\" decoding=\"async\" width=\"1024\" height=\"1024\" src=\"https:\/\/hellonorvegia.devengo.hu\/wp-content\/uploads\/2022\/08\/IMG_7879-COLLAGE-1024x1024.jpg\" alt=\"\" class=\"wp-image-410\" srcset=\"https:\/\/hellonorvegia.devengo.hu\/wp-content\/uploads\/2022\/08\/IMG_7879-COLLAGE-1024x1024.jpg 1024w, https:\/\/hellonorvegia.devengo.hu\/wp-content\/uploads\/2022\/08\/IMG_7879-COLLAGE-300x300.jpg 300w, https:\/\/hellonorvegia.devengo.hu\/wp-content\/uploads\/2022\/08\/IMG_7879-COLLAGE-150x150.jpg 150w, https:\/\/hellonorvegia.devengo.hu\/wp-content\/uploads\/2022\/08\/IMG_7879-COLLAGE-768x768.jpg 768w, https:\/\/hellonorvegia.devengo.hu\/wp-content\/uploads\/2022\/08\/IMG_7879-COLLAGE-1536x1536.jpg 1536w, https:\/\/hellonorvegia.devengo.hu\/wp-content\/uploads\/2022\/08\/IMG_7879-COLLAGE.jpg 2047w\" sizes=\"auto, (max-width: 1024px) 100vw, 1024px\" \/><\/figure>\n","protected":false},"excerpt":{"rendered":"<p>Azta most l\u00e1tom, hogy utolj\u00e1ra m\u00e1rciusban \u00edrtam a blogomban. Persze ez nem azt jelenti, hogy nem t\u00f6rt\u00e9nt vel\u00fcnk semmi, hanem a tavasz annyira gyorsan elrep\u00fclt, hogy egyszer csak azon kaptam magam, hogy ism\u00e9t pakolom a b\u0151r\u00f6nd\u00f6ket, mert j\u00f6v\u00fcnk haza, Feh\u00e9rv\u00e1rra a ny\u00e1rra. Lehet most kicsit hossz\u00fa lesz ez a bejegyz\u00e9s, de pr\u00f3b\u00e1lom id\u0151rendben \u00f6sszeszedni a [&hellip;]<\/p>\n","protected":false},"author":2,"featured_media":0,"comment_status":"open","ping_status":"open","sticky":false,"template":"","format":"standard","meta":{"footnotes":""},"categories":[1],"tags":[],"class_list":["post-408","post","type-post","status-publish","format-standard","hentry","category-uncategorized"],"_links":{"self":[{"href":"https:\/\/hellonorvegia.devengo.hu\/index.php?rest_route=\/wp\/v2\/posts\/408","targetHints":{"allow":["GET"]}}],"collection":[{"href":"https:\/\/hellonorvegia.devengo.hu\/index.php?rest_route=\/wp\/v2\/posts"}],"about":[{"href":"https:\/\/hellonorvegia.devengo.hu\/index.php?rest_route=\/wp\/v2\/types\/post"}],"author":[{"embeddable":true,"href":"https:\/\/hellonorvegia.devengo.hu\/index.php?rest_route=\/wp\/v2\/users\/2"}],"replies":[{"embeddable":true,"href":"https:\/\/hellonorvegia.devengo.hu\/index.php?rest_route=%2Fwp%2Fv2%2Fcomments&post=408"}],"version-history":[{"count":1,"href":"https:\/\/hellonorvegia.devengo.hu\/index.php?rest_route=\/wp\/v2\/posts\/408\/revisions"}],"predecessor-version":[{"id":411,"href":"https:\/\/hellonorvegia.devengo.hu\/index.php?rest_route=\/wp\/v2\/posts\/408\/revisions\/411"}],"wp:attachment":[{"href":"https:\/\/hellonorvegia.devengo.hu\/index.php?rest_route=%2Fwp%2Fv2%2Fmedia&parent=408"}],"wp:term":[{"taxonomy":"category","embeddable":true,"href":"https:\/\/hellonorvegia.devengo.hu\/index.php?rest_route=%2Fwp%2Fv2%2Fcategories&post=408"},{"taxonomy":"post_tag","embeddable":true,"href":"https:\/\/hellonorvegia.devengo.hu\/index.php?rest_route=%2Fwp%2Fv2%2Ftags&post=408"}],"curies":[{"name":"wp","href":"https:\/\/api.w.org\/{rel}","templated":true}]}}