{"id":412,"date":"2022-08-16T10:51:48","date_gmt":"2022-08-16T08:51:48","guid":{"rendered":"https:\/\/hellonorvegia.devengo.hu\/?p=412"},"modified":"2022-08-16T10:51:49","modified_gmt":"2022-08-16T08:51:49","slug":"mik-tortentek-juniusban","status":"publish","type":"post","link":"https:\/\/hellonorvegia.devengo.hu\/?p=412","title":{"rendered":"Mik t\u00f6rt\u00e9ntek j\u00faniusban?"},"content":{"rendered":"\n<p>Az els\u0151 egyik legfontosabb esem\u00e9nyek a gyerekek ballag\u00e1sa volt. Panka id\u00e9n befejezte az als\u00f3 k\u00f6z\u00e9piskol\u00e1t kit\u0171n\u0151 eredm\u00e9nnyel, Norm\u00f3 pedig az \u00e1ltal\u00e1nos iskol\u00e1t. Ez azt jelenti, hogy id\u00e9n mind a k\u00e9t gyerek iskol\u00e1t v\u00e1lt. Norm\u00f3 megy a Bekkestua skole-ba, ahova a Panka kor\u00e1bban j\u00e1rt. Itt ism\u00e9t fog jegyeket kapni. Gondolom m\u00e1r elszokott t\u0151le, mert az \u00e1ltal\u00e1nos iskola \u00e9veinek a fel\u00e9t Magyarorsz\u00e1gon j\u00e1rta, de a m\u00e1sik fel\u00e9t m\u00e1r itt Norv\u00e9gi\u00e1ban. Mindenesetre most m\u00e1r nem csak 4 perces s\u00e9ta lesz a suli, hanem 10-15 perces, ha gyalog megy. Mivel az als\u00f3 k\u00f6z\u00e9piskol\u00e1ba t\u00f6bb helyr\u0151l \u00e9rkeznek a gyerekek, \u00edgy \u00f6sszekeverik \u0151ket. Norm\u00f3 v\u00e9g\u00fcl egy \u00e1lt. isk-i oszt\u00e1lyt\u00e1rs\u00e1val ker\u00fclt egy oszt\u00e1lyba, de szerencs\u00e9re m\u00e9g ismert egy p\u00e1r gyereket a kos\u00e1r edz\u00e9sekr\u0151l.<\/p>\n\n\n\n<p>Panka eset\u00e9ben ny\u00e1ron tudtuk meg, hogy felvett\u00e9k abba fels\u0151 k\u00f6z\u00e9piskol\u00e1ba, ahova p\u00e1ly\u00e1zott. Itt m\u00e1r sz\u00e1m\u00edtanak a jegyek, \u00e9s rangsorolni kell, hogy melyik iskol\u00e1kat v\u00e1lasztja. A suli busszal kb 20 percre van, \u00e9s ez is 3 \u00e9ves. Ez azt jelenti, hogy itt 19 \u00e9vesen \u00e9retts\u00e9giznek a gyerekek.&nbsp;<\/p>\n\n\n\n<p>MIndk\u00e9t gyerekn\u00e9l az utols\u00f3 napot egy k\u00f6z\u00f6s sz\u00fcl\u0151i-tan\u00e1ri-di\u00e1k vacsor\u00e1val z\u00e1rtuk, amit a sz\u00fcl\u0151knek kellett megszervezni, \u00e9s mindenkinek megvolt, hogy mi a feladata, milyen \u00e9telt kell k\u00e9sz\u00edteni. J\u00f3l siker\u00fclt mindk\u00e9t vacsora, mi meg Jan\u00e1val gyakorolhattuk v\u00e9gre a norv\u00e9g nyelvtud\u00e1sunkat.<\/p>\n\n\n\n<p>Mire v\u00e9ge lett az iskol\u00e1nak meg\u00e9rkeztek Anik\u00f3\u00e9k is hozz\u00e1nk, ezzel elkezd\u0151d\u00f6tt a mi k\u00e9t hetes szabads\u00e1gunk is. Az els\u0151 h\u00e9tben Lack\u00e1\u00e9kkal voltunk, amib\u0151l p\u00e1r napot itt voltak n\u00e1lunk, de a t\u00f6bbi napon felrep\u00fclt\u00fcnk egy\u00fctt \u00e9szakra sarkk\u00f6r\u00f6n t\u00falra Lofoten szigetre. A sz\u00e1ll\u00e1s t\u00f6k\u00e9letes volt, \u00e9s siker\u00fclt megm\u00e1szni k\u00e9t hegyet, ahonnan gy\u00f6ny\u00f6r\u0171 l\u00e1tv\u00e1ny fogadott minket a szigetekre. Nagyon j\u00f3l \u00e9rezt\u00fck magunkat, \u00e9s nagyon gyorsan eltelt az az egy h\u00e9t, am\u00edg itt voltak.&nbsp;<\/p>\n\n\n\n<p>Alig, hogy hazamentek, mi elugrottunk egy p\u00e1r napra nyaralni Szard\u00edni\u00e1ra, de csak egy p\u00e1r nap f\u00e9rt bele, mert j\u00falius 1-\u00e9n volt a Harry Styles koncert, amire Panka m\u00e1r 2 \u00e9vet v\u00e1rt. Egy \u00e9lm\u00e9ny volt az a koncert, \u00e9s m\u00e9g att\u00f3l sem f\u00e1radtam el, hogy m\u00e1r d\u00e9lut\u00e1n f\u00e9l 4 \u00f3ta ott voltuk az Ar\u00e9nn\u00e1l, \u00e9s v\u00e1rtuk, hogy 6-kor beengedjenek minket. Im\u00e1dtuk minden perc\u00e9t. \u00c9jf\u00e9lre \u00e9rt\u00fcnk haza, \u00e9s m\u00e1snap reggel 5-kor kelt\u00fcnk, mert indultunk haza Magyarorsz\u00e1gra.&nbsp;<\/p>\n\n\n\n<p>6 h\u00e9tig voltunk otthon, \u00e9s k\u00f6zben siker\u00fclt teljesen meggy\u00f3gyulnom az arc\u00fcreggyullad\u00e1sb\u00f3l. Te err\u0151l majd egy m\u00e1sik posztban \u00edrok.\u00a0<\/p>\n\n\n\n<figure class=\"wp-block-image size-large is-resized\"><img loading=\"lazy\" decoding=\"async\" src=\"https:\/\/hellonorvegia.devengo.hu\/wp-content\/uploads\/2022\/08\/IMG_8983-COLLAGE-1024x1024.jpg\" alt=\"\" class=\"wp-image-413\" width=\"500\" height=\"500\" srcset=\"https:\/\/hellonorvegia.devengo.hu\/wp-content\/uploads\/2022\/08\/IMG_8983-COLLAGE-1024x1024.jpg 1024w, https:\/\/hellonorvegia.devengo.hu\/wp-content\/uploads\/2022\/08\/IMG_8983-COLLAGE-300x300.jpg 300w, https:\/\/hellonorvegia.devengo.hu\/wp-content\/uploads\/2022\/08\/IMG_8983-COLLAGE-150x150.jpg 150w, https:\/\/hellonorvegia.devengo.hu\/wp-content\/uploads\/2022\/08\/IMG_8983-COLLAGE-768x768.jpg 768w, https:\/\/hellonorvegia.devengo.hu\/wp-content\/uploads\/2022\/08\/IMG_8983-COLLAGE-1536x1536.jpg 1536w, https:\/\/hellonorvegia.devengo.hu\/wp-content\/uploads\/2022\/08\/IMG_8983-COLLAGE.jpg 2046w\" sizes=\"auto, (max-width: 500px) 100vw, 500px\" \/><\/figure>\n","protected":false},"excerpt":{"rendered":"<p>Az els\u0151 egyik legfontosabb esem\u00e9nyek a gyerekek ballag\u00e1sa volt. Panka id\u00e9n befejezte az als\u00f3 k\u00f6z\u00e9piskol\u00e1t kit\u0171n\u0151 eredm\u00e9nnyel, Norm\u00f3 pedig az \u00e1ltal\u00e1nos iskol\u00e1t. Ez azt jelenti, hogy id\u00e9n mind a k\u00e9t gyerek iskol\u00e1t v\u00e1lt. Norm\u00f3 megy a Bekkestua skole-ba, ahova a Panka kor\u00e1bban j\u00e1rt. Itt ism\u00e9t fog jegyeket kapni. Gondolom m\u00e1r elszokott t\u0151le, mert az \u00e1ltal\u00e1nos [&hellip;]<\/p>\n","protected":false},"author":2,"featured_media":0,"comment_status":"open","ping_status":"open","sticky":false,"template":"","format":"standard","meta":{"footnotes":""},"categories":[1],"tags":[],"class_list":["post-412","post","type-post","status-publish","format-standard","hentry","category-uncategorized"],"_links":{"self":[{"href":"https:\/\/hellonorvegia.devengo.hu\/index.php?rest_route=\/wp\/v2\/posts\/412","targetHints":{"allow":["GET"]}}],"collection":[{"href":"https:\/\/hellonorvegia.devengo.hu\/index.php?rest_route=\/wp\/v2\/posts"}],"about":[{"href":"https:\/\/hellonorvegia.devengo.hu\/index.php?rest_route=\/wp\/v2\/types\/post"}],"author":[{"embeddable":true,"href":"https:\/\/hellonorvegia.devengo.hu\/index.php?rest_route=\/wp\/v2\/users\/2"}],"replies":[{"embeddable":true,"href":"https:\/\/hellonorvegia.devengo.hu\/index.php?rest_route=%2Fwp%2Fv2%2Fcomments&post=412"}],"version-history":[{"count":1,"href":"https:\/\/hellonorvegia.devengo.hu\/index.php?rest_route=\/wp\/v2\/posts\/412\/revisions"}],"predecessor-version":[{"id":414,"href":"https:\/\/hellonorvegia.devengo.hu\/index.php?rest_route=\/wp\/v2\/posts\/412\/revisions\/414"}],"wp:attachment":[{"href":"https:\/\/hellonorvegia.devengo.hu\/index.php?rest_route=%2Fwp%2Fv2%2Fmedia&parent=412"}],"wp:term":[{"taxonomy":"category","embeddable":true,"href":"https:\/\/hellonorvegia.devengo.hu\/index.php?rest_route=%2Fwp%2Fv2%2Fcategories&post=412"},{"taxonomy":"post_tag","embeddable":true,"href":"https:\/\/hellonorvegia.devengo.hu\/index.php?rest_route=%2Fwp%2Fv2%2Ftags&post=412"}],"curies":[{"name":"wp","href":"https:\/\/api.w.org\/{rel}","templated":true}]}}