{"id":417,"date":"2022-09-09T18:45:41","date_gmt":"2022-09-09T16:45:41","guid":{"rendered":"https:\/\/hellonorvegia.devengo.hu\/?p=417"},"modified":"2022-09-09T18:45:42","modified_gmt":"2022-09-09T16:45:42","slug":"elmelkedes","status":"publish","type":"post","link":"https:\/\/hellonorvegia.devengo.hu\/?p=417","title":{"rendered":"Elm\u00e9lked\u00e9s"},"content":{"rendered":"\n<p>A h\u00f3nap v\u00e9g\u00e9n m\u00e1r 4 \u00e9ve lesz, hogy kik\u00f6lt\u00f6zt\u00fcnk. Minden \u00e9vben, amikor k\u00f6zeledik ez az id\u0151pont v\u00e9gig gondolom az elm\u00falt \u00e9vet, mi az amit siker\u00fclt ism\u00e9t el\u00e9rn\u00fcnk, mik az \u00faj c\u00e9ljaink a k\u00f6vetkez\u0151 \u00e9vre. K\u00edv\u00fclr\u0151l lehet \u00fagy n\u00e9z ki, hogy minden olyan k\u00f6nnyen ment. J\u00f6tt ez a lehet\u0151s\u00e9g Jan\u00e1nak, seg\u00edtett egy itteni c\u00e9g a hivatalos dolgok int\u00e9z\u00e9s\u00e9ben, 2 h\u00f3nap ut\u00e1n megp\u00e1ly\u00e1ztam itt kint \u00e9n is egy \u00e1ll\u00e1st, amit megkaptam. Igen, k\u00edv\u00fclr\u0151l pont olyanok vagyunk, mint akikre azt szoktak mondani, hogy \u201cezeknek minden \u00f6sszej\u00f6n\u201d. De ha benne vagy ebben az eg\u00e9szben, akkor tudod, hogy ez mind k\u0151kem\u00e9ny munka, \u00e9s nagyon sok kompromisszum.&nbsp;<\/p>\n\n\n\n<p>Mikor az otthon fel\u00e9p\u00edtett \u00e9leted, \u00fajra elkezded fel\u00e9p\u00edteni egy idegen orsz\u00e1gban. K\u00f6zben r\u00f6gt\u00f6n az elej\u00e9n megt\u00f6rt\u00e9nik az a trag\u00e9dia, amit\u0151l mindig is rettegt\u00e9l, \u00e9s m\u00e9g gy\u00e1szolni sincs igaz\u00e1b\u00f3l id\u0151d, mert pr\u00f3b\u00e1lod minden er\u0151ddel a gyerekeket t\u00e1vol tartani a f\u00e1jdalmadt\u00f3l, \u00e9s az agg\u00f3d\u00e1st\u00f3l, hogy mi lesz most Anyuval. El\u00e9g volt nekik, hogy egy idegen orsz\u00e1gba k\u00f6lt\u00f6zt\u00fcnk, ahol min\u00e9l hamarabb meg kellett tanulniuk az idegen nyelvet, mellette pr\u00f3b\u00e1ltak \u00faj bar\u00e1tokat szerezni. Annyira b\u00fcszke vagyok r\u00e1juk, olyan \u00fcgyesen vettek id\u00e1ig minden akad\u00e1lyt. Az els\u0151 h\u00f3napok a beilleszked\u00e9sr\u0151l, \u00e9s a sp\u00f3rol\u00e1sr\u00f3l sz\u00f3ltak. Am\u00edg \u00e9n a magyaroknak dolgoztam, minden kiad\u00e1st pontosan meg kellett gondolni. Azt\u00e1n 5 h\u00f3nap ut\u00e1n siker\u00fclt elkezdeni dolgozni az otthoni munkahelyem anyav\u00e1llalat\u00e1n\u00e1l. Nemcsak anyagilag, de emberileg is egy megv\u00e1lt\u00e1s volt \u00faj helyen kezdeni. Jana is k\u00f6zben \u00faj munkak\u00f6rbe ker\u00fclt, de maradt ugyanann\u00e1l a c\u00e9gn\u00e9l. \u00dagy t\u0171nik, hogy \u0150 is a hely\u00e9n van.&nbsp; Igen, szerintem idekint j\u00f3l vagyunk. Az egyetlen ami hi\u00e1nyzik azok a csal\u00e1d, \u00e9s a bar\u00e1tok. De minden egyes alkalommal, amikor hazamegy\u00fcnk, olyan j\u00f3 \u00e9rz\u00e9s, hogy v\u00e1rnak minket, tal\u00e1lkozni akarnak vel\u00fcnk.&nbsp; Annak ellen\u00e9re, hogy kik\u00f6lt\u00f6zt\u00fcnk megmaradtak a r\u00e9gi bar\u00e1ts\u00e1gok.&nbsp;<\/p>\n\n\n\n<p>Mikor visszaj\u00f6v\u00fcnk ny\u00e1ron Norv\u00e9gi\u00e1ba,\u00a0 a gyerekeknek \u00f6r\u00fclnek az itteni bar\u00e1tai, \u00e9s nek\u00fcnk meg \u00f6r\u00fclnek a f\u0151n\u00f6keink, meg persze p\u00e1r koll\u00e9g\u00e1nk akikkel jobban j\u00f3ba vagyunk. \ud83d\ude42 Hehehe\u2026 De ez az \u00e1ra annak, hogy kint \u00e9l\u00fcnk, j\u00f3l vagyunk, gy\u00f6ny\u00f6r\u0171 helyekre j\u00e1runk, \u00e9s mivel tudjuk csak magunkra sz\u00e1m\u00edthatunk baromira \u00f6sszetartunk. A k\u00f6vetkez\u0151 egy \u00e9vre is van c\u00e9lunk. Most, hogy tal\u00e1n a covid miatt nem lesznek t\u00f6bb lez\u00e1r\u00e1sok, pr\u00f3b\u00e1ljuk a szoci\u00e1lis \u00e9let\u00fcnket felp\u00f6rgetni, \u00e9s m\u00e9g t\u00f6bbet norv\u00e9gul kommunik\u00e1lni.\u00a0<\/p>\n\n\n\n<figure class=\"wp-block-image size-large\"><img loading=\"lazy\" decoding=\"async\" width=\"1024\" height=\"576\" src=\"https:\/\/hellonorvegia.devengo.hu\/wp-content\/uploads\/2022\/09\/IMG_9409-1024x576.jpg\" alt=\"\" class=\"wp-image-418\" srcset=\"https:\/\/hellonorvegia.devengo.hu\/wp-content\/uploads\/2022\/09\/IMG_9409-1024x576.jpg 1024w, https:\/\/hellonorvegia.devengo.hu\/wp-content\/uploads\/2022\/09\/IMG_9409-300x169.jpg 300w, https:\/\/hellonorvegia.devengo.hu\/wp-content\/uploads\/2022\/09\/IMG_9409-768x432.jpg 768w, https:\/\/hellonorvegia.devengo.hu\/wp-content\/uploads\/2022\/09\/IMG_9409-1536x864.jpg 1536w, https:\/\/hellonorvegia.devengo.hu\/wp-content\/uploads\/2022\/09\/IMG_9409-2048x1152.jpg 2048w\" sizes=\"auto, (max-width: 1024px) 100vw, 1024px\" \/><\/figure>\n\n\n\n<figure class=\"wp-block-gallery has-nested-images columns-default is-cropped wp-block-gallery-1 is-layout-flex wp-block-gallery-is-layout-flex\"><\/figure>\n\n\n\n<figure class=\"wp-block-gallery has-nested-images columns-default is-cropped wp-block-gallery-2 is-layout-flex wp-block-gallery-is-layout-flex\"><\/figure>\n\n\n\n<figure class=\"wp-block-gallery has-nested-images columns-default is-cropped wp-block-gallery-3 is-layout-flex wp-block-gallery-is-layout-flex\"><\/figure>\n\n\n\n<figure class=\"wp-block-gallery has-nested-images columns-default is-cropped wp-block-gallery-4 is-layout-flex wp-block-gallery-is-layout-flex\"><\/figure>\n\n\n","protected":false},"excerpt":{"rendered":"<p>A h\u00f3nap v\u00e9g\u00e9n m\u00e1r 4 \u00e9ve lesz, hogy kik\u00f6lt\u00f6zt\u00fcnk. Minden \u00e9vben, amikor k\u00f6zeledik ez az id\u0151pont v\u00e9gig gondolom az elm\u00falt \u00e9vet, mi az amit siker\u00fclt ism\u00e9t el\u00e9rn\u00fcnk, mik az \u00faj c\u00e9ljaink a k\u00f6vetkez\u0151 \u00e9vre. K\u00edv\u00fclr\u0151l lehet \u00fagy n\u00e9z ki, hogy minden olyan k\u00f6nnyen ment. J\u00f6tt ez a lehet\u0151s\u00e9g Jan\u00e1nak, seg\u00edtett egy itteni c\u00e9g a hivatalos [&hellip;]<\/p>\n","protected":false},"author":2,"featured_media":0,"comment_status":"open","ping_status":"open","sticky":false,"template":"","format":"standard","meta":{"footnotes":""},"categories":[1],"tags":[],"class_list":["post-417","post","type-post","status-publish","format-standard","hentry","category-uncategorized"],"_links":{"self":[{"href":"https:\/\/hellonorvegia.devengo.hu\/index.php?rest_route=\/wp\/v2\/posts\/417","targetHints":{"allow":["GET"]}}],"collection":[{"href":"https:\/\/hellonorvegia.devengo.hu\/index.php?rest_route=\/wp\/v2\/posts"}],"about":[{"href":"https:\/\/hellonorvegia.devengo.hu\/index.php?rest_route=\/wp\/v2\/types\/post"}],"author":[{"embeddable":true,"href":"https:\/\/hellonorvegia.devengo.hu\/index.php?rest_route=\/wp\/v2\/users\/2"}],"replies":[{"embeddable":true,"href":"https:\/\/hellonorvegia.devengo.hu\/index.php?rest_route=%2Fwp%2Fv2%2Fcomments&post=417"}],"version-history":[{"count":1,"href":"https:\/\/hellonorvegia.devengo.hu\/index.php?rest_route=\/wp\/v2\/posts\/417\/revisions"}],"predecessor-version":[{"id":419,"href":"https:\/\/hellonorvegia.devengo.hu\/index.php?rest_route=\/wp\/v2\/posts\/417\/revisions\/419"}],"wp:attachment":[{"href":"https:\/\/hellonorvegia.devengo.hu\/index.php?rest_route=%2Fwp%2Fv2%2Fmedia&parent=417"}],"wp:term":[{"taxonomy":"category","embeddable":true,"href":"https:\/\/hellonorvegia.devengo.hu\/index.php?rest_route=%2Fwp%2Fv2%2Fcategories&post=417"},{"taxonomy":"post_tag","embeddable":true,"href":"https:\/\/hellonorvegia.devengo.hu\/index.php?rest_route=%2Fwp%2Fv2%2Ftags&post=417"}],"curies":[{"name":"wp","href":"https:\/\/api.w.org\/{rel}","templated":true}]}}