{"id":422,"date":"2022-11-07T15:43:18","date_gmt":"2022-11-07T14:43:18","guid":{"rendered":"https:\/\/hellonorvegia.devengo.hu\/?p=422"},"modified":"2022-11-07T15:43:18","modified_gmt":"2022-11-07T14:43:18","slug":"ismet-interju-a-gyerekekkel","status":"publish","type":"post","link":"https:\/\/hellonorvegia.devengo.hu\/?p=422","title":{"rendered":"Ism\u00e9t interj\u00fa a gyerekekkel"},"content":{"rendered":"\n<p>J\u00f3 r\u00e9gen faggatalak m\u00e1r titeket arr\u00f3l, hogy hogyan \u00e9rzitek magatokat idekint. Akkor kezdj\u00fck az interj\u00fat:<\/p>\n\n\n\n<p><strong>1) Szeptember v\u00e9g\u00e9n volt&nbsp; 4 \u00e9ve, hogy Norv\u00e9gi\u00e1ba j\u00f6tt\u00fcnk. Eszedbe szokott m\u00e9g jutni, hogy milyen volt amikor kik\u00f6lt\u00f6zt\u00fcnk?<\/strong><\/p>\n\n\n\n<p><strong>Panka<\/strong>: <em>Igen, n\u00e9ha, de f\u0151leg, akkor amikor k\u00f6zeledik az \u00e9vfordul\u00f3. Meg az\u00e9rt is, mert id\u00e9n \u00faj iskol\u00e1ba kezdtem. Igaz\u00e1b\u00f3l m\u00e9g akkor szokott eszembe jutni, amikor Luiz\u00e1\u00e9kkal tal\u00e1lkozom, mert \u0151ket ismertem meg itt el\u0151sz\u00f6r.&nbsp;<\/em><\/p>\n\n\n\n<p><strong>Norbi<\/strong>: <em>Igen, m\u00e9g mindig egy kicsit hi\u00e1nyzik Magyarorsz\u00e1g, de m\u00e1r megszoktam, hogy itt&nbsp;lakunk Norv\u00e9gi\u00e1ban<\/em><\/p>\n\n\n\n<p><strong>2) Hogy \u00e9rzed magad \u00edgy 4 \u00e9v ut\u00e1n?&nbsp;<\/strong><\/p>\n\n\n\n<p><strong>Panka<\/strong>: <em>Most m\u00e1r j\u00f3l \u00e9rzem magam nagyon, mert tal\u00e1ltam bar\u00e1tokat, \u00e9s m\u00e1r a nyelvet is j\u00f3l besz\u00e9lem.<\/em><\/p>\n\n\n\n<p><strong>Norbi<\/strong>: <em>Teljesen j\u00f3l \u00e9rzem itt magamat, szeretek itt kint \u00e9lni Norv\u00e9gi\u00e1ban.<\/em>&nbsp;<\/p>\n\n\n\n<p><strong>3) Mi v\u00e1ltozott benned az elm\u00falt \u00e9vek alatt?<\/strong><\/p>\n\n\n\n<p><strong>Panka<\/strong>: <em>Nyitottabb lettem m\u00e1sokkal szemben.&nbsp;<\/em><\/p>\n\n\n\n<p><strong>Norbi<\/strong>: <em>Komolyabb lettem.<\/em><\/p>\n\n\n\n<p><strong>4) Mit \u00e9rzel otthonodnak?<\/strong><\/p>\n\n\n\n<p><strong>Panka<\/strong>: <em>Ugyan\u00fagy Norv\u00e9gi\u00e1t \u00e9s Magyarorsz\u00e1got is az otthonomnak \u00e9rzem, de Magyarorsz\u00e1g m\u00e9g mindig fontosabb sz\u00e1momra.<\/em><\/p>\n\n\n\n<p><strong>Norbi<\/strong>: <em>Ahol ti laktok Anya.<\/em><\/p>\n\n\n\n<p><strong>5) Szokott honv\u00e1gyad lenni, amikor Norv\u00e9gi\u00e1ban vagy \u00e9s mit hi\u00e1nyolsz?<\/strong><\/p>\n\n\n\n<p><strong>Panka<\/strong>: <em>Igen, amikor itt vagyok hi\u00e1nyzik nekem a magyarorsz\u00e1gi ny\u00e1r. A csal\u00e1d, a bar\u00e1tok, Iluska \u00e9s a h\u00e1z.<\/em><\/p>\n\n\n\n<p><strong>Norbi<\/strong>: <em>Igen. A csal\u00e1domat, a haverokat,a h\u00e1zat \u00e9s Ilusk\u00e1t.<\/em><\/p>\n\n\n\n<p><strong>6) \u00c9s amikor otthon vagyunk hi\u00e1nyzik Norv\u00e9gia?<\/strong><\/p>\n\n\n\n<p><strong>Panka<\/strong>: <em>A bar\u00e1taim szoktak hi\u00e1nyozni, de abban a p\u00e1r h\u00e9tben a f\u00f3kusz ink\u00e1bb Magyarorsz\u00e1g.<\/em><\/p>\n\n\n\n<p><strong>Norbi<\/strong>: <em>Igen, kicsit. Ha pl. t\u00e9len vagyunk otthon akkor hi\u00e1nyzik a h\u00f3. Ny\u00e1ron a tenger, \u00e9s a bar\u00e1taim hi\u00e1nyoznak<\/em>.<\/p>\n\n\n\n<p><strong>7) Id\u00e9n \u00faj iskol\u00e1t kezdtetek. Panka te a fels\u0151 k\u00f6z\u00e9piskol\u00e1t \u00e9s Norm\u00f3 az als\u00f3 k\u00f6z\u00e9piskol\u00e1t. Milyen volt az idei iskolav\u00e1lt\u00e1s?<\/strong><\/p>\n\n\n\n<p><strong>Panka:<\/strong> <em>J\u00f3 nagyon. Az oszt\u00e1lyom nagyon j\u00f3 lett.&nbsp;<\/em><\/p>\n\n\n\n<p><strong>Norbi<\/strong>: <em>\u00c9rdekes, mert \u00faj oszt\u00e1lyom lett.&nbsp;<\/em><\/p>\n\n\n\n<p><strong>8) Szeretn\u00e9l visszak\u00f6lt\u00f6zni?<\/strong><\/p>\n\n\n\n<p><strong>Panka<\/strong>: <em>B\u00e1rmennyire is hi\u00e1nyzik Mo, \u00e9s a csal\u00e1d \u00e9s a bar\u00e1tok, att\u00f3l m\u00e9g nem k\u00f6lt\u00f6zn\u00e9k vissza. M\u00e1r a legt\u00f6bb bar\u00e1tom Norv\u00e9gi\u00e1ban van, \u00e9s m\u00e1r ismerem a k\u00f6rny\u00e9ket az iskolai rendszert. Nem tudom mennyire siker\u00fclne visszaszoknom.<\/em><\/p>\n\n\n\n<p><strong>Norbi<\/strong>: <em>Nem, mert itt jobb a suli.<\/em><\/p>\n\n\n\n<p><strong>9) Szeretn\u00e9l valamir\u0151l besz\u00e9lni, amit nem k\u00e9rdeztem meg?<\/strong><\/p>\n\n\n\n<p><strong>Panka \u00e9s Norbi<\/strong>: <em>Nem.<\/em><\/p>\n\n\n\n<p>Ezen nem csod\u00e1lkozok, hiszen p\u00e1r \u00e9v alatt a k\u00e9t kis cuki gyerekb\u0151l, m\u00e9g cukibb tin\u00e9dzserek lettek. Nyilv\u00e1n most m\u00e1r annyit nem besz\u00e9lnek.&nbsp;\ud83d\ude42<\/p>\n\n\n\n<figure class=\"wp-block-gallery has-nested-images columns-default is-cropped wp-block-gallery-1 is-layout-flex wp-block-gallery-is-layout-flex\">\n<figure class=\"wp-block-image size-large\"><img loading=\"lazy\" decoding=\"async\" width=\"1024\" height=\"768\" data-id=\"423\" src=\"https:\/\/hellonorvegia.devengo.hu\/wp-content\/uploads\/2022\/11\/D5BA25C5-A27D-4586-AD5A-B55C05B58674-1024x768.jpg\" alt=\"\" class=\"wp-image-423\" srcset=\"https:\/\/hellonorvegia.devengo.hu\/wp-content\/uploads\/2022\/11\/D5BA25C5-A27D-4586-AD5A-B55C05B58674-1024x768.jpg 1024w, https:\/\/hellonorvegia.devengo.hu\/wp-content\/uploads\/2022\/11\/D5BA25C5-A27D-4586-AD5A-B55C05B58674-300x225.jpg 300w, https:\/\/hellonorvegia.devengo.hu\/wp-content\/uploads\/2022\/11\/D5BA25C5-A27D-4586-AD5A-B55C05B58674-768x576.jpg 768w, https:\/\/hellonorvegia.devengo.hu\/wp-content\/uploads\/2022\/11\/D5BA25C5-A27D-4586-AD5A-B55C05B58674.jpg 1440w\" sizes=\"auto, (max-width: 1024px) 100vw, 1024px\" \/><\/figure>\n<\/figure>\n","protected":false},"excerpt":{"rendered":"<p>J\u00f3 r\u00e9gen faggatalak m\u00e1r titeket arr\u00f3l, hogy hogyan \u00e9rzitek magatokat idekint. Akkor kezdj\u00fck az interj\u00fat: 1) Szeptember v\u00e9g\u00e9n volt&nbsp; 4 \u00e9ve, hogy Norv\u00e9gi\u00e1ba j\u00f6tt\u00fcnk. Eszedbe szokott m\u00e9g jutni, hogy milyen volt amikor kik\u00f6lt\u00f6zt\u00fcnk? Panka: Igen, n\u00e9ha, de f\u0151leg, akkor amikor k\u00f6zeledik az \u00e9vfordul\u00f3. Meg az\u00e9rt is, mert id\u00e9n \u00faj iskol\u00e1ba kezdtem. Igaz\u00e1b\u00f3l m\u00e9g akkor szokott [&hellip;]<\/p>\n","protected":false},"author":2,"featured_media":0,"comment_status":"open","ping_status":"open","sticky":false,"template":"","format":"standard","meta":{"footnotes":""},"categories":[1],"tags":[],"class_list":["post-422","post","type-post","status-publish","format-standard","hentry","category-uncategorized"],"_links":{"self":[{"href":"https:\/\/hellonorvegia.devengo.hu\/index.php?rest_route=\/wp\/v2\/posts\/422","targetHints":{"allow":["GET"]}}],"collection":[{"href":"https:\/\/hellonorvegia.devengo.hu\/index.php?rest_route=\/wp\/v2\/posts"}],"about":[{"href":"https:\/\/hellonorvegia.devengo.hu\/index.php?rest_route=\/wp\/v2\/types\/post"}],"author":[{"embeddable":true,"href":"https:\/\/hellonorvegia.devengo.hu\/index.php?rest_route=\/wp\/v2\/users\/2"}],"replies":[{"embeddable":true,"href":"https:\/\/hellonorvegia.devengo.hu\/index.php?rest_route=%2Fwp%2Fv2%2Fcomments&post=422"}],"version-history":[{"count":1,"href":"https:\/\/hellonorvegia.devengo.hu\/index.php?rest_route=\/wp\/v2\/posts\/422\/revisions"}],"predecessor-version":[{"id":424,"href":"https:\/\/hellonorvegia.devengo.hu\/index.php?rest_route=\/wp\/v2\/posts\/422\/revisions\/424"}],"wp:attachment":[{"href":"https:\/\/hellonorvegia.devengo.hu\/index.php?rest_route=%2Fwp%2Fv2%2Fmedia&parent=422"}],"wp:term":[{"taxonomy":"category","embeddable":true,"href":"https:\/\/hellonorvegia.devengo.hu\/index.php?rest_route=%2Fwp%2Fv2%2Fcategories&post=422"},{"taxonomy":"post_tag","embeddable":true,"href":"https:\/\/hellonorvegia.devengo.hu\/index.php?rest_route=%2Fwp%2Fv2%2Ftags&post=422"}],"curies":[{"name":"wp","href":"https:\/\/api.w.org\/{rel}","templated":true}]}}