{"id":426,"date":"2023-01-12T19:21:51","date_gmt":"2023-01-12T18:21:51","guid":{"rendered":"https:\/\/hellonorvegia.devengo.hu\/?p=426"},"modified":"2023-01-12T19:22:01","modified_gmt":"2023-01-12T18:22:01","slug":"jottunk-unnepeltunk-siettunk-haza","status":"publish","type":"post","link":"https:\/\/hellonorvegia.devengo.hu\/?p=426","title":{"rendered":"J\u00f6tt\u00fcnk, \u00fcnnepelt\u00fcnk, siett\u00fcnk haza&#8230;"},"content":{"rendered":"\n<p>Ez a kar\u00e1csony el\u00e9gg\u00e9 rohan\u00f3sra sikeredett. Kezd\u0151d\u00f6tt azzal, hogy id\u00e9n a gyerekeknek december 21-\u00e9n volt a sz\u00fcnet el\u0151tti utols\u00f3 nap, \u00e9s Pank\u00e1nak m\u00e1r janu\u00e1r 2-\u00e1n ism\u00e9t sulija volt. Emiatt janu\u00e1r 1-\u00e9n este rep\u00fclt\u00fcnk is haza.&nbsp;<\/p>\n\n\n\n<p>Na, de kezdj\u00fck az elej\u00e9n. Dec 22-\u00e9n \u00e9rkezt\u00fcnk Feh\u00e9rv\u00e1rra, d\u00e9lut\u00e1n f\u00e9l 4 fel\u00e9. Egy gyors eb\u00e9d ut\u00e1n, ment\u00fcnk is f\u00e1t venni. Persze a szok\u00e1sos hely\u00fcnk\u00f6n m\u00e1r az \u00f6sszes f\u00e1t eladt\u00e1k, \u00edgy v\u00e9g\u00fcl id\u00e9n siker\u00fclt egy ronda f\u00e1t venn\u00fcnk egy m\u00e1sik helyen, amit 24-\u00e9n forgattunk erre-arra, hogy sz\u00e9p legyen. hehehe<\/p>\n\n\n\n<p>23-\u00e1n m\u00e9g egy utols\u00f3 gyors bev\u00e1s\u00e1rl\u00e1s, azt\u00e1n kezd\u0151dtek az \u00fcnnepek. V\u00e9gre ism\u00e9t egy\u00fctt lehett\u00fcnk a csal\u00e1ddal. Ez az\u00e9rt megfizethetetlen. Persze mondt\u00e1k a gyerekek, hogy sajn\u00e1lj\u00e1k, hogy csak 10 napot maradunk, de mondtam neki, hogy 2 \u00e9ve mit megadtunk volna, ha haza tudtunk volna j\u00f6nni. Sz\u00f3val \u00f6r\u00fclj\u00fcnk ennek a p\u00e1r napnak is. Szerencs\u00e9re id\u00e9n is volt Anik\u00f3\u00e9kn\u00e1l kar\u00e1csonyi, haveri \u00f6sszej\u00f6vetel, \u00e9s term\u00e9szetesen az idei szilveszteri buli sem maradhatott el. Mondjuk \u00e9rdekes volt \u00fagy t\u00e1ncolni, hogy k\u00f6zben megfordult a fejemben, hogy 24 \u00f3ra m\u00falva ilyenkor m\u00e1r a g\u00e9pen \u00fcl\u00fcnk, \u00e9s rep\u00fcl\u00fcnk vissza Norv\u00e9gi\u00e1ba.&nbsp;<\/p>\n\n\n\n<p>A tavaszias 15 fokb\u00f3l, meg\u00e9rkezt\u00fcnk \u00e9jf\u00e9l k\u00f6r\u00fcl a -10 fokos t\u00e9lbe. Miut\u00e1n a kocsit kivakartuk a j\u00e9gb\u0151l, siker\u00fclt \u00e9jjel f\u00e9l 2-re haza \u00e9rn\u00fcnk. A k\u00f6vetkez\u0151 kar\u00e1csonykor szerencs\u00e9re t\u00f6bbet lehet\u00fcnk otthon. M\u00e1r most csekkoltam az iskolai sz\u00fcneteket.&nbsp;<\/p>\n\n\n\n<figure class=\"wp-block-image size-large\"><img loading=\"lazy\" decoding=\"async\" width=\"1024\" height=\"1024\" src=\"https:\/\/hellonorvegia.devengo.hu\/wp-content\/uploads\/2023\/01\/IMG_2406-1024x1024.jpg\" alt=\"\" class=\"wp-image-427\" srcset=\"https:\/\/hellonorvegia.devengo.hu\/wp-content\/uploads\/2023\/01\/IMG_2406-1024x1024.jpg 1024w, https:\/\/hellonorvegia.devengo.hu\/wp-content\/uploads\/2023\/01\/IMG_2406-300x300.jpg 300w, https:\/\/hellonorvegia.devengo.hu\/wp-content\/uploads\/2023\/01\/IMG_2406-150x150.jpg 150w, https:\/\/hellonorvegia.devengo.hu\/wp-content\/uploads\/2023\/01\/IMG_2406-768x768.jpg 768w, https:\/\/hellonorvegia.devengo.hu\/wp-content\/uploads\/2023\/01\/IMG_2406-1536x1536.jpg 1536w, https:\/\/hellonorvegia.devengo.hu\/wp-content\/uploads\/2023\/01\/IMG_2406.jpg 1800w\" sizes=\"auto, (max-width: 1024px) 100vw, 1024px\" \/><\/figure>\n","protected":false},"excerpt":{"rendered":"<p>Ez a kar\u00e1csony el\u00e9gg\u00e9 rohan\u00f3sra sikeredett. Kezd\u0151d\u00f6tt azzal, hogy id\u00e9n a gyerekeknek december 21-\u00e9n volt a sz\u00fcnet el\u0151tti utols\u00f3 nap, \u00e9s Pank\u00e1nak m\u00e1r janu\u00e1r 2-\u00e1n ism\u00e9t sulija volt. Emiatt janu\u00e1r 1-\u00e9n este rep\u00fclt\u00fcnk is haza.&nbsp; Na, de kezdj\u00fck az elej\u00e9n. Dec 22-\u00e9n \u00e9rkezt\u00fcnk Feh\u00e9rv\u00e1rra, d\u00e9lut\u00e1n f\u00e9l 4 fel\u00e9. Egy gyors eb\u00e9d ut\u00e1n, ment\u00fcnk is f\u00e1t [&hellip;]<\/p>\n","protected":false},"author":2,"featured_media":0,"comment_status":"open","ping_status":"open","sticky":false,"template":"","format":"standard","meta":{"footnotes":""},"categories":[1],"tags":[],"class_list":["post-426","post","type-post","status-publish","format-standard","hentry","category-uncategorized"],"_links":{"self":[{"href":"https:\/\/hellonorvegia.devengo.hu\/index.php?rest_route=\/wp\/v2\/posts\/426","targetHints":{"allow":["GET"]}}],"collection":[{"href":"https:\/\/hellonorvegia.devengo.hu\/index.php?rest_route=\/wp\/v2\/posts"}],"about":[{"href":"https:\/\/hellonorvegia.devengo.hu\/index.php?rest_route=\/wp\/v2\/types\/post"}],"author":[{"embeddable":true,"href":"https:\/\/hellonorvegia.devengo.hu\/index.php?rest_route=\/wp\/v2\/users\/2"}],"replies":[{"embeddable":true,"href":"https:\/\/hellonorvegia.devengo.hu\/index.php?rest_route=%2Fwp%2Fv2%2Fcomments&post=426"}],"version-history":[{"count":1,"href":"https:\/\/hellonorvegia.devengo.hu\/index.php?rest_route=\/wp\/v2\/posts\/426\/revisions"}],"predecessor-version":[{"id":428,"href":"https:\/\/hellonorvegia.devengo.hu\/index.php?rest_route=\/wp\/v2\/posts\/426\/revisions\/428"}],"wp:attachment":[{"href":"https:\/\/hellonorvegia.devengo.hu\/index.php?rest_route=%2Fwp%2Fv2%2Fmedia&parent=426"}],"wp:term":[{"taxonomy":"category","embeddable":true,"href":"https:\/\/hellonorvegia.devengo.hu\/index.php?rest_route=%2Fwp%2Fv2%2Fcategories&post=426"},{"taxonomy":"post_tag","embeddable":true,"href":"https:\/\/hellonorvegia.devengo.hu\/index.php?rest_route=%2Fwp%2Fv2%2Ftags&post=426"}],"curies":[{"name":"wp","href":"https:\/\/api.w.org\/{rel}","templated":true}]}}