{"id":431,"date":"2023-02-03T19:50:00","date_gmt":"2023-02-03T18:50:00","guid":{"rendered":"https:\/\/hellonorvegia.devengo.hu\/?p=431"},"modified":"2023-02-03T19:50:01","modified_gmt":"2023-02-03T18:50:01","slug":"felevi-bizi","status":"publish","type":"post","link":"https:\/\/hellonorvegia.devengo.hu\/?p=431","title":{"rendered":"F\u00e9l\u00e9vi bizi"},"content":{"rendered":"\n<p>Nem, \u00e9n nem fogok felt\u00f6lteni k\u00e9peket a gyerekek bizony\u00edtv\u00e1ny\u00e1r\u00f3l, mert \u00edgy is tudom, hogy \u00fcgyesen tanulnak, \u00e9s sz\u00e9pen veszik az akad\u00e1lyokat. De az\u00e9rt az elm\u00falt f\u00e9l\u00e9v hozott v\u00e1ltoz\u00e1sokat az \u00e9let\u00fckbe \u00e9s Jan\u00e1val a mi\u00e9nkbe is. Kezdj\u00fck azzal, hogy eltelt 4,5 \u00e9v mi\u00f3ta kij\u00f6tt\u00fcnk, \u00e9s az \u00e9n nagyobb gyerekeimb\u0151l, tin\u00e9dzserek lettek. Szeptembert\u0151l m\u00e1r mindketten k\u00f6z\u00e9piskol\u00e1sok. Norm\u00f3 az als\u00f3 k\u00f6z\u00e9piskol\u00e1ba j\u00e1r, Panka pedig fels\u0151 k\u00f6z\u00e9piskol\u00e1s. Norm\u00f3 \u00e9let\u00e9ben ez annyiban hozott v\u00e1ltoz\u00e1st, hogy itt m\u00e1r kapnak jegyeket, amit\u0151l nagyon hamar elszokott a norv\u00e9g \u00e1ltal\u00e1nos iskol\u00e1ban, ahol bizony\u00edtv\u00e1ny nincs, \u00e9s \u00e9vente k\u00e9tszer adnak valami sz\u00f3beli \u00e9rt\u00e9kel\u00e9st a gyerekr\u0151l. Most m\u00e1r t\u00f6bb a h\u00e1zija, rendszeresen kell tanulnia, \u00e9s nem itt van gyalog 2 percre a suli. Biciklivel j\u00e1r minden nap, \u00edgy&nbsp; elvileg 5 perc alatt be\u00e9r, \u00e9s igen es\u0151ben, sz\u00e9lben, szakad\u00f3 h\u00f3ban vagy ak\u00e1r -10 fokban is biciklizik. Haverjaival egy\u00fctt megy suliba, j\u00f6nnek haza, azt\u00e1n egy\u00fctt band\u00e1znak suli ut\u00e1n. Szerencs\u00e9re nem csak online. Utolj\u00e1ra p\u00e9nteken s\u00edeltek egy\u00fctt, itt Oslo mellett. Az egyik sz\u00fcl\u0151 elvitte \u0151ket, majd ment \u00e9rt\u00fck. Emellett hetente k\u00e9tszer kos\u00e1rlabda edz\u00e9se van. Ja, \u00e9s m\u00e1r egy f\u00e9l fejjel magasabb n\u00e1lam. \ud83d\ude42<\/p>\n\n\n\n<p>Panka iskolav\u00e1lt\u00e1sa a fels\u0151 k\u00f6z\u00e9piskol\u00e1ba egy telital\u00e1lat volt. Beker\u00fclt egy j\u00f3 t\u00e1rsas\u00e1gba, az oszt\u00e1lya \u00f6sszetart \u00e9s seg\u00edtik egym\u00e1st. A suli t\u0151l\u00fcnk egy kicsit messzebb van, ez\u00e9rt busszal kell mennie, de kb 20 perc alatt ott van, \u00e9s nem kell \u00e1tsz\u00e1llnia. A haveri t\u00e1rsas\u00e1ga annyi v\u00e1ltoz\u00e1st hozott a mi \u00e9let\u00fcnkben, hogy menn\u00fcnk kell Pank\u00e1\u00e9rt este, amikor buliban van, vagy el\u0151fordul, hogy h\u00e9tv\u00e9g\u00e9n nincs itthon. Most p\u00e9ld\u00e1ul megh\u00edvta az egyik bar\u00e1tn\u0151je egy m\u00e1sik oszt\u00e1lyt\u00e1rs\u00e1val egy\u00fctt a nyaral\u00f3jukba, a hegyekbe s\u00edelni. A suli mellett Panka elkezdett dolgozni is. Hetente egyszer d\u00e9lut\u00e1nonk\u00e9nt bev\u00e1ndorl\u00f3 gyerekeknek seg\u00edt a tanul\u00e1sban, illetve emellett szint\u00e9n hetente egyszer szinkron\u00fasz\u00f3 edz\u0151.&nbsp;<\/p>\n\n\n\n<p>Kezdenek sz\u00e9pen lassan \u201clev\u00e1lni\u201d r\u00f3lunk, ami nek\u00fcnk t\u00f6bb szabadid\u0151t jelent, de t\u00f6bb aggodalmat is, \u00e9s amikor nincsenek vel\u00fcnk mindig nagyon hi\u00e1nyoznak. De szerencs\u00e9re m\u00e9g megmaradt a k\u00f6z\u00f6s k\u00e1rty\u00e1z\u00e1s, filmn\u00e9z\u00e9s vagy kir\u00e1ndul\u00e1s. \ud83d\ude42<\/p>\n\n\n\n<figure class=\"wp-block-image size-large\"><img loading=\"lazy\" decoding=\"async\" width=\"1024\" height=\"1024\" src=\"https:\/\/hellonorvegia.devengo.hu\/wp-content\/uploads\/2023\/02\/IMG_2488-1-1024x1024.jpg\" alt=\"\" class=\"wp-image-432\" srcset=\"https:\/\/hellonorvegia.devengo.hu\/wp-content\/uploads\/2023\/02\/IMG_2488-1-1024x1024.jpg 1024w, https:\/\/hellonorvegia.devengo.hu\/wp-content\/uploads\/2023\/02\/IMG_2488-1-300x300.jpg 300w, https:\/\/hellonorvegia.devengo.hu\/wp-content\/uploads\/2023\/02\/IMG_2488-1-150x150.jpg 150w, https:\/\/hellonorvegia.devengo.hu\/wp-content\/uploads\/2023\/02\/IMG_2488-1-768x768.jpg 768w, https:\/\/hellonorvegia.devengo.hu\/wp-content\/uploads\/2023\/02\/IMG_2488-1-1536x1536.jpg 1536w, https:\/\/hellonorvegia.devengo.hu\/wp-content\/uploads\/2023\/02\/IMG_2488-1-2048x2048.jpg 2048w\" sizes=\"auto, (max-width: 1024px) 100vw, 1024px\" \/><\/figure>\n","protected":false},"excerpt":{"rendered":"<p>Nem, \u00e9n nem fogok felt\u00f6lteni k\u00e9peket a gyerekek bizony\u00edtv\u00e1ny\u00e1r\u00f3l, mert \u00edgy is tudom, hogy \u00fcgyesen tanulnak, \u00e9s sz\u00e9pen veszik az akad\u00e1lyokat. De az\u00e9rt az elm\u00falt f\u00e9l\u00e9v hozott v\u00e1ltoz\u00e1sokat az \u00e9let\u00fckbe \u00e9s Jan\u00e1val a mi\u00e9nkbe is. Kezdj\u00fck azzal, hogy eltelt 4,5 \u00e9v mi\u00f3ta kij\u00f6tt\u00fcnk, \u00e9s az \u00e9n nagyobb gyerekeimb\u0151l, tin\u00e9dzserek lettek. Szeptembert\u0151l m\u00e1r mindketten k\u00f6z\u00e9piskol\u00e1sok. Norm\u00f3 [&hellip;]<\/p>\n","protected":false},"author":2,"featured_media":0,"comment_status":"open","ping_status":"open","sticky":false,"template":"","format":"standard","meta":{"footnotes":""},"categories":[1],"tags":[],"class_list":["post-431","post","type-post","status-publish","format-standard","hentry","category-uncategorized"],"_links":{"self":[{"href":"https:\/\/hellonorvegia.devengo.hu\/index.php?rest_route=\/wp\/v2\/posts\/431","targetHints":{"allow":["GET"]}}],"collection":[{"href":"https:\/\/hellonorvegia.devengo.hu\/index.php?rest_route=\/wp\/v2\/posts"}],"about":[{"href":"https:\/\/hellonorvegia.devengo.hu\/index.php?rest_route=\/wp\/v2\/types\/post"}],"author":[{"embeddable":true,"href":"https:\/\/hellonorvegia.devengo.hu\/index.php?rest_route=\/wp\/v2\/users\/2"}],"replies":[{"embeddable":true,"href":"https:\/\/hellonorvegia.devengo.hu\/index.php?rest_route=%2Fwp%2Fv2%2Fcomments&post=431"}],"version-history":[{"count":1,"href":"https:\/\/hellonorvegia.devengo.hu\/index.php?rest_route=\/wp\/v2\/posts\/431\/revisions"}],"predecessor-version":[{"id":433,"href":"https:\/\/hellonorvegia.devengo.hu\/index.php?rest_route=\/wp\/v2\/posts\/431\/revisions\/433"}],"wp:attachment":[{"href":"https:\/\/hellonorvegia.devengo.hu\/index.php?rest_route=%2Fwp%2Fv2%2Fmedia&parent=431"}],"wp:term":[{"taxonomy":"category","embeddable":true,"href":"https:\/\/hellonorvegia.devengo.hu\/index.php?rest_route=%2Fwp%2Fv2%2Fcategories&post=431"},{"taxonomy":"post_tag","embeddable":true,"href":"https:\/\/hellonorvegia.devengo.hu\/index.php?rest_route=%2Fwp%2Fv2%2Ftags&post=431"}],"curies":[{"name":"wp","href":"https:\/\/api.w.org\/{rel}","templated":true}]}}