{"id":435,"date":"2023-02-23T09:37:32","date_gmt":"2023-02-23T08:37:32","guid":{"rendered":"https:\/\/hellonorvegia.devengo.hu\/?p=435"},"modified":"2023-02-23T09:37:33","modified_gmt":"2023-02-23T08:37:33","slug":"kalvaria","status":"publish","type":"post","link":"https:\/\/hellonorvegia.devengo.hu\/?p=435","title":{"rendered":"K\u00e1lv\u00e1ria"},"content":{"rendered":"\n<p>M\u00e9g j\u00f3 m\u00faltkor\u00e1ban \u00edg\u00e9rtem, hogy elmes\u00e9lem eg\u00e9szs\u00e9g\u00fcgyi k\u00e1lv\u00e1ri\u00e1mat, mert ak\u00e1rmennyire is szeretek itt lakni, az\u00e9rt itt sem minden t\u00f6k\u00e9letes.&nbsp;<\/p>\n\n\n\n<p>Sz\u00f3val az eg\u00e9sz sztori ott kezd\u0151d\u00f6tt, hogy m\u00e1jus k\u00f6zep\u00e9t\u0151l egym\u00e1s ut\u00e1n h\u00e1rom konferenci\u00e1n vettem r\u00e9szt. Nem s\u00edr a sz\u00e1m, mert utazhattam, tal\u00e1lkoztam egy csom\u00f3 \u00faj emberrel, de az utols\u00f3 konferenci\u00e1ra, m\u00e1r \u00fagy mentem, hogy el\u0151tte egy h\u00e9ttel Lisszabonb\u00f3l, m\u00e1r \u00fagy j\u00f6ttem, haza, hogy \u00e9reztem a l\u00e9gkondi nem tett j\u00f3t az arc\u00fcregemnek. \u00dagy t\u0171nt, siker\u00fclt m\u00e9g id\u0151ben megel\u0151zni az arc\u00fcreg gyullad\u00e1st, de v\u00e9g\u00fcl m\u00e1sf\u00e9l h\u00e9tre r\u00e1 bel\u00e1zasodtam. Persze pont P\u00fcnk\u00f6sd el\u0151tt t\u00f6rt\u00e9nt mindez, \u00e9s m\u00e1r le volt foglalva egy Hydro-s nyaral\u00f3 a hegyekben. Mindegy, telenyomtam magam l\u00e1zcsillap\u00edt\u00f3val, \u00e9s mondtam, hogy menj\u00fcnk, mert nem sz\u00e1m\u00edt, hogy otthon vagy a nyaral\u00f3ban fekszek, de legal\u00e1bb a csal\u00e1d t\u00f6bbi tagja tud kir\u00e1ndulni.&nbsp;<\/p>\n\n\n\n<p>\u00dagy t\u0171nt, a pihen\u00e9s nem sokat seg\u00edtett, mert csak romlott az \u00e1llapotom, \u00e9s P\u00fcnk\u00f6sd h\u00e9tf\u0151n kik\u00f6t\u00f6ttem az \u00fcgyeleten. 3 \u00f3ra v\u00e1rakoz\u00e1s ut\u00e1n beh\u00edvtak. Addigra meg volt a CRP-m eredm\u00e9nye, ami azt mutatta, hogy valami gyullad\u00e1s van a szervezetemben. A fiatal kis doki n\u00e9ni ben\u00e9zett a torkomba, \u00e9s mivel nem l\u00e1tott semmit, haza k\u00fcld\u00f6tt mondv\u00e1n, igaz magas a CRP-m, de nem el\u00e9gg\u00e9, \u00e9s szedjek k\u00f6ptet\u0151t, nehogy \u00e1tmenjen t\u00fcd\u0151gyullad\u00e1sba. Ha rosszabbul lenn\u00e9k j\u00f6jjek vissza. Hi\u00e1ba mondtam neki, hogy f\u00e1j az arc\u00fcregemn\u00e9l, \u00e9s az\u00e9rt j\u00f6ttem, mert 3 napja csak romlik az \u00e1llapotom, sz\u00e9pen udvariasan kitess\u00e9kelt. Haza mentem, \u00e9s r\u00f6gt\u00f6n foglaltam m\u00e9g aznapra id\u0151pontot egy mag\u00e1n h\u00e1ziorvoshoz (Dr Dropin). Ott a doki n\u00e9ni r\u00f6gt\u00f6n fel\u00edrt egy antibiotikumot. Mondta, hogy erre a CRP-re mindenk\u00e9pp kell adnia. M\u00e9g nem tudja milyen baci van a szervezetemben, de valamit el kell kezdenem szedni.&nbsp;<\/p>\n\n\n\n<p>K\u00f6zben s\u00fcrgetett az id\u0151, mert m\u00e1r csak egy h\u00e9t volt h\u00e1tra, hogy j\u00f6nnek Anik\u00f3\u00e9k hozz\u00e1nk, \u00e9s egy\u00fctt megy\u00fcnk nyaralni Lofoten szigetekre. Az antibiotikum valamennyire seg\u00edtett, de \u00e9reztem, hogy ez m\u00e9g nem az igazi. Aznap, amikor Anik\u00f3\u00e9k j\u00f6ttek elmentem ism\u00e9t mag\u00e1nban f\u00fcl-orr-g\u00e9g\u00e9szhez, mert am\u00fagy hetekbe tellett volna, mire kapok id\u0151pontot. Azt nem \u00edrom meg mennyibe ker\u00fclt ez a szakorvos, mert Jana sokkot kapna, ha l\u00e1tn\u00e1, de v\u00e9gre vettek mint\u00e1t az orromb\u00f3l is. K\u00f6zben elutaztunk nyaralni, megm\u00e1sztunk k\u00e9t hegyet, \u00e9n persze mindv\u00e9gig toltam magamba az advil cold-ot, hogy ne fek\u00fcdjek ki. K\u00f6zben megj\u00f6tt a laborat\u00f3riumb\u00f3l az eredm\u00e9ny a telefonomra, hogy milyen bacit tal\u00e1ltak, \u00e9s milyen antibiotikum kell r\u00e1. Akkor m\u00e1r a 3. hete k\u00ednl\u00f3dtam az arc\u00fcreg gyullad\u00e1ssal. Sajnos a doki n\u00e9ni nem n\u00e9ztem meg az eredm\u00e9nyem, \u00e9s nem \u00edrt fel semmilyen gy\u00f3gyszert, ez\u00e9rt, amikor hazaj\u00f6tt\u00fcnk Lofotenr\u0151l, ism\u00e9t elmentem a Dr Dropin-hoz, \u00e9s ott felirattam a megfelel\u0151 antibiotikumot. Addigra m\u00e1r az egyik szemem is kezdett begyulladni, \u00e9s m\u00e1snap utaztunk ism\u00e9t a csal\u00e1ddal nyaralni. De legal\u00e1bb 3 h\u00e9t ut\u00e1n megkaptam a megfelel\u0151 gy\u00f3gyszert, \u00e9s a negyedik h\u00e9tre m\u00e1r szinte teljesen meggy\u00f3gyultam. Igaz\u00e1b\u00f3l, ha az \u00fcgyeleten a kis fiatal doki csajszi vette volna a f\u00e1rads\u00e1got, \u00e9s r\u00f6gt\u00f6n leveszi a mint\u00e1t, h\u00e1tha valami baci okozza, akkor ebb\u0151l az eg\u00e9szb\u0151l lett volna egy 1 hetes sztori. \u00dagy \u00e1ltal\u00e1ban el\u00e9g hamar r\u00e1 tudj\u00e1k mondani, ha valami bajod van, hogy szedj\u00e9l f\u00e1jdalomcsillap\u00edt\u00f3t.&nbsp;<\/p>\n\n\n\n<p>Sz\u00f3val, ha az eg\u00e9szs\u00e9g\u00fcgyr\u0151l van sz\u00f3, akkor itt sem kolb\u00e1szb\u00f3l van a ker\u00edt\u00e9s, \u00e9s nagyon sok mindent egyszer\u0171bb \u00e9s gyorsabb elint\u00e9zni, ha mag\u00e1nba m\u00e9sz, de akkor m\u00e9lyen a zsebedbe kell ny\u00falni.\u00a0<\/p>\n\n\n\n<figure class=\"wp-block-gallery has-nested-images columns-default is-cropped wp-block-gallery-1 is-layout-flex wp-block-gallery-is-layout-flex\">\n<figure class=\"wp-block-image size-large\"><img loading=\"lazy\" decoding=\"async\" width=\"1024\" height=\"768\" data-id=\"436\" src=\"https:\/\/hellonorvegia.devengo.hu\/wp-content\/uploads\/2023\/02\/IMG_8814-1024x768.jpg\" alt=\"\" class=\"wp-image-436\" srcset=\"https:\/\/hellonorvegia.devengo.hu\/wp-content\/uploads\/2023\/02\/IMG_8814-1024x768.jpg 1024w, https:\/\/hellonorvegia.devengo.hu\/wp-content\/uploads\/2023\/02\/IMG_8814-300x225.jpg 300w, https:\/\/hellonorvegia.devengo.hu\/wp-content\/uploads\/2023\/02\/IMG_8814-768x576.jpg 768w, https:\/\/hellonorvegia.devengo.hu\/wp-content\/uploads\/2023\/02\/IMG_8814-1536x1152.jpg 1536w, https:\/\/hellonorvegia.devengo.hu\/wp-content\/uploads\/2023\/02\/IMG_8814.jpg 1672w\" sizes=\"auto, (max-width: 1024px) 100vw, 1024px\" \/><\/figure>\n<\/figure>\n","protected":false},"excerpt":{"rendered":"<p>M\u00e9g j\u00f3 m\u00faltkor\u00e1ban \u00edg\u00e9rtem, hogy elmes\u00e9lem eg\u00e9szs\u00e9g\u00fcgyi k\u00e1lv\u00e1ri\u00e1mat, mert ak\u00e1rmennyire is szeretek itt lakni, az\u00e9rt itt sem minden t\u00f6k\u00e9letes.&nbsp; Sz\u00f3val az eg\u00e9sz sztori ott kezd\u0151d\u00f6tt, hogy m\u00e1jus k\u00f6zep\u00e9t\u0151l egym\u00e1s ut\u00e1n h\u00e1rom konferenci\u00e1n vettem r\u00e9szt. Nem s\u00edr a sz\u00e1m, mert utazhattam, tal\u00e1lkoztam egy csom\u00f3 \u00faj emberrel, de az utols\u00f3 konferenci\u00e1ra, m\u00e1r \u00fagy mentem, hogy el\u0151tte egy [&hellip;]<\/p>\n","protected":false},"author":2,"featured_media":0,"comment_status":"open","ping_status":"open","sticky":false,"template":"","format":"standard","meta":{"footnotes":""},"categories":[1],"tags":[],"class_list":["post-435","post","type-post","status-publish","format-standard","hentry","category-uncategorized"],"_links":{"self":[{"href":"https:\/\/hellonorvegia.devengo.hu\/index.php?rest_route=\/wp\/v2\/posts\/435","targetHints":{"allow":["GET"]}}],"collection":[{"href":"https:\/\/hellonorvegia.devengo.hu\/index.php?rest_route=\/wp\/v2\/posts"}],"about":[{"href":"https:\/\/hellonorvegia.devengo.hu\/index.php?rest_route=\/wp\/v2\/types\/post"}],"author":[{"embeddable":true,"href":"https:\/\/hellonorvegia.devengo.hu\/index.php?rest_route=\/wp\/v2\/users\/2"}],"replies":[{"embeddable":true,"href":"https:\/\/hellonorvegia.devengo.hu\/index.php?rest_route=%2Fwp%2Fv2%2Fcomments&post=435"}],"version-history":[{"count":1,"href":"https:\/\/hellonorvegia.devengo.hu\/index.php?rest_route=\/wp\/v2\/posts\/435\/revisions"}],"predecessor-version":[{"id":437,"href":"https:\/\/hellonorvegia.devengo.hu\/index.php?rest_route=\/wp\/v2\/posts\/435\/revisions\/437"}],"wp:attachment":[{"href":"https:\/\/hellonorvegia.devengo.hu\/index.php?rest_route=%2Fwp%2Fv2%2Fmedia&parent=435"}],"wp:term":[{"taxonomy":"category","embeddable":true,"href":"https:\/\/hellonorvegia.devengo.hu\/index.php?rest_route=%2Fwp%2Fv2%2Fcategories&post=435"},{"taxonomy":"post_tag","embeddable":true,"href":"https:\/\/hellonorvegia.devengo.hu\/index.php?rest_route=%2Fwp%2Fv2%2Ftags&post=435"}],"curies":[{"name":"wp","href":"https:\/\/api.w.org\/{rel}","templated":true}]}}