{"id":447,"date":"2023-08-08T14:31:30","date_gmt":"2023-08-08T12:31:30","guid":{"rendered":"https:\/\/hellonorvegia.devengo.hu\/?p=447"},"modified":"2023-08-08T14:31:30","modified_gmt":"2023-08-08T12:31:30","slug":"eltelt-egy-ujabb-nyar","status":"publish","type":"post","link":"https:\/\/hellonorvegia.devengo.hu\/?p=447","title":{"rendered":"Eltelt egy \u00fajabb ny\u00e1r"},"content":{"rendered":"\n<p>Azon gondolkodtam, hogy az el\u0151z\u0151 \u00e9vek ny\u00e1ri bejegyz\u00e9sekb\u0151l csak szimpl\u00e1n \u00e1tm\u00e1solok r\u00e9szleteket, mint pl.<em> gyorsan eltelt, nem mindenkivel tudtunk sajnos tal\u00e1lkozni, r\u00f6vid volt az idei ny\u00e1r<\/em>. \u00dagy nagyj\u00e1b\u00f3l \u00edgy lehetne \u00f6sszefoglalni. Id\u00e9n am\u00fagy kevesebbet voltunk otthon, mint \u00e1ltal\u00e1ban, \u00e9s ez t\u00e9nyleg r\u00e1nyomta a b\u00e9lyeg\u00e9t, hogy m\u00e9g r\u00f6videbb id\u0151n bel\u00fcl pr\u00f3b\u00e1ltunk mindent elint\u00e9zni, kertben rendet tenni, csal\u00e1ddal \u00e9s haverokkal tal\u00e1lkozni. Nem mondom, de annyira j\u00f3l esett, hogy voltak a haverok k\u00f6z\u00fcl, akik hozz\u00e1nk igaz\u00edtott\u00e1k a saj\u00e1t idej\u00fcket, hogy tudjunk tal\u00e1lkozni. Pedig tudjuk, hogy mindenkinek megvan a saj\u00e1t \u00e9lete, de m\u00e9gis, m\u00e9g miel\u0151tt haza utaztunk volna, m\u00e1r k\u00e9rdeztek minket, hogy akkor \u00edrjuk meg melyik h\u00e9tv\u00e9ge j\u00f3 nek\u00fcnk. Volt aki munk\u00e1b\u00f3l j\u00f6tt el hamarabb, vagy otthonr\u00f3l a home office-b\u00f3l \u00fclt kocsiba, hogy tudjunk tal\u00e1lkozni. Hihetetlen\u2026 Annyira j\u00f3 fejek vagytok!\u00a0 \ud83d\ude0d<\/p>\n\n\n\n<p>Persze id\u00e9n is volt akikkel sajnos nem tudtunk \u00f6sszefutni, de j\u00f6v\u0151re pr\u00f3b\u00e1ljuk majd \u00fagy szervezni, hogy akikkel id\u00e9n nem tal\u00e1lkoztunk, k\u00f6vetkez\u0151 ny\u00e1ron \u00f6sszej\u00f6jj\u00f6n a tal\u00e1lka.<\/p>\n\n\n\n<p>Azt\u00e1n m\u00e9g id\u0151ben siker\u00fclt haza rep\u00fclni \u201cHans\u201d el\u0151tt. Hansnak keresztelt\u00e9k a norv\u00e9gok azt a sz\u00e9ls\u0151s\u00e9ges id\u0151j\u00e1r\u00e1st, ami h\u00e9tf\u0151n kezd\u0151d\u00f6tt itt Norv\u00e9gi\u00e1ban hatalmas mennyis\u00e9g\u0171 csapad\u00e9kkal. J\u00f6tt is a riaszt\u00e1s a telefonunkra, hogy ha lehet, most senki ne utazgasson, mert a sok es\u0151z\u00e9s miatt \u00e1rad\u00e1s \u00e9s f\u00f6ldcsuszaml\u00e1s v\u00e1rhat\u00f3. Elvileg cs\u00fct\u00f6rt\u00f6kre Hans itt hagy minket, \u00e9s ism\u00e9t j\u00f3 id\u0151 lesz. Addig is szerintem kipihenem az elm\u00falt heteket. \ud83d\ude03<\/p>\n\n\n\n<figure class=\"wp-block-image size-large\"><img loading=\"lazy\" decoding=\"async\" width=\"1024\" height=\"1024\" src=\"https:\/\/hellonorvegia.devengo.hu\/wp-content\/uploads\/2023\/08\/summer-23-1024x1024.jpg\" alt=\"\" class=\"wp-image-448\" srcset=\"https:\/\/hellonorvegia.devengo.hu\/wp-content\/uploads\/2023\/08\/summer-23-1024x1024.jpg 1024w, https:\/\/hellonorvegia.devengo.hu\/wp-content\/uploads\/2023\/08\/summer-23-300x300.jpg 300w, https:\/\/hellonorvegia.devengo.hu\/wp-content\/uploads\/2023\/08\/summer-23-150x150.jpg 150w, https:\/\/hellonorvegia.devengo.hu\/wp-content\/uploads\/2023\/08\/summer-23-768x768.jpg 768w, https:\/\/hellonorvegia.devengo.hu\/wp-content\/uploads\/2023\/08\/summer-23-1536x1536.jpg 1536w, https:\/\/hellonorvegia.devengo.hu\/wp-content\/uploads\/2023\/08\/summer-23.jpg 2047w\" sizes=\"auto, (max-width: 1024px) 100vw, 1024px\" \/><\/figure>\n","protected":false},"excerpt":{"rendered":"<p>Azon gondolkodtam, hogy az el\u0151z\u0151 \u00e9vek ny\u00e1ri bejegyz\u00e9sekb\u0151l csak szimpl\u00e1n \u00e1tm\u00e1solok r\u00e9szleteket, mint pl. gyorsan eltelt, nem mindenkivel tudtunk sajnos tal\u00e1lkozni, r\u00f6vid volt az idei ny\u00e1r. \u00dagy nagyj\u00e1b\u00f3l \u00edgy lehetne \u00f6sszefoglalni. Id\u00e9n am\u00fagy kevesebbet voltunk otthon, mint \u00e1ltal\u00e1ban, \u00e9s ez t\u00e9nyleg r\u00e1nyomta a b\u00e9lyeg\u00e9t, hogy m\u00e9g r\u00f6videbb id\u0151n bel\u00fcl pr\u00f3b\u00e1ltunk mindent elint\u00e9zni, kertben rendet tenni, [&hellip;]<\/p>\n","protected":false},"author":2,"featured_media":0,"comment_status":"open","ping_status":"open","sticky":false,"template":"","format":"standard","meta":{"footnotes":""},"categories":[1],"tags":[],"class_list":["post-447","post","type-post","status-publish","format-standard","hentry","category-uncategorized"],"_links":{"self":[{"href":"https:\/\/hellonorvegia.devengo.hu\/index.php?rest_route=\/wp\/v2\/posts\/447","targetHints":{"allow":["GET"]}}],"collection":[{"href":"https:\/\/hellonorvegia.devengo.hu\/index.php?rest_route=\/wp\/v2\/posts"}],"about":[{"href":"https:\/\/hellonorvegia.devengo.hu\/index.php?rest_route=\/wp\/v2\/types\/post"}],"author":[{"embeddable":true,"href":"https:\/\/hellonorvegia.devengo.hu\/index.php?rest_route=\/wp\/v2\/users\/2"}],"replies":[{"embeddable":true,"href":"https:\/\/hellonorvegia.devengo.hu\/index.php?rest_route=%2Fwp%2Fv2%2Fcomments&post=447"}],"version-history":[{"count":1,"href":"https:\/\/hellonorvegia.devengo.hu\/index.php?rest_route=\/wp\/v2\/posts\/447\/revisions"}],"predecessor-version":[{"id":449,"href":"https:\/\/hellonorvegia.devengo.hu\/index.php?rest_route=\/wp\/v2\/posts\/447\/revisions\/449"}],"wp:attachment":[{"href":"https:\/\/hellonorvegia.devengo.hu\/index.php?rest_route=%2Fwp%2Fv2%2Fmedia&parent=447"}],"wp:term":[{"taxonomy":"category","embeddable":true,"href":"https:\/\/hellonorvegia.devengo.hu\/index.php?rest_route=%2Fwp%2Fv2%2Fcategories&post=447"},{"taxonomy":"post_tag","embeddable":true,"href":"https:\/\/hellonorvegia.devengo.hu\/index.php?rest_route=%2Fwp%2Fv2%2Ftags&post=447"}],"curies":[{"name":"wp","href":"https:\/\/api.w.org\/{rel}","templated":true}]}}