{"id":45,"date":"2018-10-15T12:57:04","date_gmt":"2018-10-15T10:57:04","guid":{"rendered":"https:\/\/hellonorvegia.devengo.hu\/?p=45"},"modified":"2018-10-15T12:57:04","modified_gmt":"2018-10-15T10:57:04","slug":"uj-idoszamitas","status":"publish","type":"post","link":"https:\/\/hellonorvegia.devengo.hu\/?p=45","title":{"rendered":"\u00daj id\u0151sz\u00e1m\u00edt\u00e1s"},"content":{"rendered":"<p><span style=\"font-weight: 400;\">Ennek a blognak eredetileg arr\u00f3l kellene sz\u00f3lni, hogy milyen az \u00faj \u00e9let\u00fcnk egy idegen orsz\u00e1gban. Ak\u00e1r a c\u00edm is vonatkozhatna erre, de n\u00e1lam ez most m\u00e1st jelent.<\/span><\/p>\n<p><span style=\"font-weight: 400;\">Egy hete, hogy reggel 6 \u00f3ra 2 perckor rezgett a Jana telefonja. Tes\u00f3m volt az, \u00e9s nem akartam felvenni a telefont, mert tudtam, hogy mi\u00e9rt h\u00edv\u2026. k\u00fcl\u00f6nben nem h\u00edvna ilyen kor\u00e1n reggel, csak \u00edrt volna messengeren, hogy Apu jobban van\u2026 de sajnos m\u00e1sk\u00e9pp alakult. Nem s\u00edrhattam r\u00f6gt\u00f6n, mert aznap volt a gyerekeknek az els\u0151 napjuk az iskol\u00e1ban, \u00e9s tudtam, hogy ezzel a h\u00edrrel nem ind\u00edthatom \u0151ket \u00edgy el, r\u00e1\u00e9rnek megtudni majd d\u00e9lut\u00e1n\u2026 Szerencs\u00e9re nem vettek \u00e9szre rajtam semmit, \u00e9s tudom, hogy Apu is b\u00fcszke lett volna r\u00e1m, hogy azt a reggelt kem\u00e9nyen v\u00e9gig vittem.<\/span><\/p>\n<p><span style=\"font-weight: 400;\">M\u00falt h\u00e9t \u00f3ta egy \u00faj id\u0151sz\u00e1m\u00edt\u00e1s kezd\u0151d\u00f6tt az \u00e9letemben. Mostant\u00f3l m\u00e1r nincsen Apuk\u00e1m, nem tudok neki mes\u00e9lni, nem l\u00e1tom az arc\u00e1n, hogy mennyire \u00f6r\u00fcl nek\u00fcnk, hogy kint is sz\u00e9pen haladunk. M\u00e1r tervezte, hogy tavasszal Anyuval kirep\u00fclnek hozz\u00e1nk. Annyi terve volt m\u00e9g\u2026 <\/span><\/p>\n<p>&nbsp;<\/p>\n<p><span style=\"font-weight: 400;\">Piszkosul hi\u00e1nyzik&#8230;<\/span><\/p>\n<p><img loading=\"lazy\" decoding=\"async\" class=\"alignnone  wp-image-46\" src=\"https:\/\/hellonorvegia.devengo.hu\/wp-content\/uploads\/2018\/10\/Apu.jpg\" alt=\"\" width=\"296\" height=\"197\" \/><\/p>\n","protected":false},"excerpt":{"rendered":"<p>Ennek a blognak eredetileg arr\u00f3l kellene sz\u00f3lni, hogy milyen az \u00faj \u00e9let\u00fcnk egy idegen orsz\u00e1gban. Ak\u00e1r a c\u00edm is vonatkozhatna erre, de n\u00e1lam ez most m\u00e1st jelent. Egy hete, hogy reggel 6 \u00f3ra 2 perckor rezgett a Jana telefonja. Tes\u00f3m volt az, \u00e9s nem akartam felvenni a telefont, mert tudtam, hogy mi\u00e9rt h\u00edv\u2026. k\u00fcl\u00f6nben nem [&hellip;]<\/p>\n","protected":false},"author":2,"featured_media":0,"comment_status":"open","ping_status":"open","sticky":false,"template":"","format":"standard","meta":{"footnotes":""},"categories":[1],"tags":[],"class_list":["post-45","post","type-post","status-publish","format-standard","hentry","category-uncategorized"],"_links":{"self":[{"href":"https:\/\/hellonorvegia.devengo.hu\/index.php?rest_route=\/wp\/v2\/posts\/45","targetHints":{"allow":["GET"]}}],"collection":[{"href":"https:\/\/hellonorvegia.devengo.hu\/index.php?rest_route=\/wp\/v2\/posts"}],"about":[{"href":"https:\/\/hellonorvegia.devengo.hu\/index.php?rest_route=\/wp\/v2\/types\/post"}],"author":[{"embeddable":true,"href":"https:\/\/hellonorvegia.devengo.hu\/index.php?rest_route=\/wp\/v2\/users\/2"}],"replies":[{"embeddable":true,"href":"https:\/\/hellonorvegia.devengo.hu\/index.php?rest_route=%2Fwp%2Fv2%2Fcomments&post=45"}],"version-history":[{"count":1,"href":"https:\/\/hellonorvegia.devengo.hu\/index.php?rest_route=\/wp\/v2\/posts\/45\/revisions"}],"predecessor-version":[{"id":47,"href":"https:\/\/hellonorvegia.devengo.hu\/index.php?rest_route=\/wp\/v2\/posts\/45\/revisions\/47"}],"wp:attachment":[{"href":"https:\/\/hellonorvegia.devengo.hu\/index.php?rest_route=%2Fwp%2Fv2%2Fmedia&parent=45"}],"wp:term":[{"taxonomy":"category","embeddable":true,"href":"https:\/\/hellonorvegia.devengo.hu\/index.php?rest_route=%2Fwp%2Fv2%2Fcategories&post=45"},{"taxonomy":"post_tag","embeddable":true,"href":"https:\/\/hellonorvegia.devengo.hu\/index.php?rest_route=%2Fwp%2Fv2%2Ftags&post=45"}],"curies":[{"name":"wp","href":"https:\/\/api.w.org\/{rel}","templated":true}]}}