{"id":451,"date":"2023-10-05T21:15:06","date_gmt":"2023-10-05T19:15:06","guid":{"rendered":"https:\/\/hellonorvegia.devengo.hu\/?p=451"},"modified":"2023-10-05T21:15:06","modified_gmt":"2023-10-05T19:15:06","slug":"5-ev-vajon-mit-gondolnak-a-gyerekek","status":"publish","type":"post","link":"https:\/\/hellonorvegia.devengo.hu\/?p=451","title":{"rendered":"\u00a05 \u00e9v &#8211; Vajon mit gondolnak a gyerekek?"},"content":{"rendered":"\n<p>Id\u00e9n kerek \u00e9vfordul\u00f3t \u00fcnnepelt\u00fcnk, mert m\u00e1r 5 \u00e9ve, hogy kik\u00f6lt\u00f6zt\u00fcnk. Visszan\u00e9ztem, hogy tavaly miket k\u00e9rdeztem t\u0151l\u00fck, \u00e9s nagyj\u00e1b\u00f3l id\u00e9n is ezeket k\u00e9rdeztem, csak most \u00f6sszehasonl\u00edt\u00e1sul volt, hogy mell\u00e9 raktam z\u00e1r\u00f3jelben&nbsp; a tavalyi v\u00e1laszokat.&nbsp;<\/p>\n\n\n\n<ol class=\"wp-block-list\">\n<li><strong>Hogy \u00e9rzed magad igy\u00a0 5 \u00e9v ut\u00e1n?<\/strong>\u00a0<\/li>\n<\/ol>\n\n\n\n<p> P: J\u00f3l \u00e9rzem magam nagyon.<\/p>\n\n\n\n<p> (<em>Most m\u00e1r j\u00f3l \u00e9rzem magam nagyon, mert tal\u00e1ltam bar\u00e1tokat, \u00e9s m\u00e1r a nyelvet is j\u00f3l besz\u00e9lem.)<\/em><\/p>\n\n\n\n<p>  N: Teljesen j\u00f3l \u00e9rzem itt magamat, szeretek itt kint \u00e9lni Norv\u00e9gi\u00e1ban.\u00a0<\/p>\n\n\n\n<p><\/p>\n\n\n\n<ol class=\"wp-block-list\" start=\"2\">\n<li><strong>Szerinted v\u00e1ltoztak az \u00e9rz\u00e9seid Norv\u00e9gi\u00e1val szemben az elm\u00falt egy \u00e9vben?<\/strong><\/li>\n<\/ol>\n\n\n\n<p>P: Visszaolvasva a tavalyi v\u00e1laszomat, most m\u00e1r Norv\u00e9gia fontosabb sz\u00e1momra. M\u00e9g mindig                   hi\u00e1nyoznak a bar\u00e1taim \u00e9s a csal\u00e1dom (Iluska is), de a honv\u00e1gyam, m\u00e1r nem ugyanakkora. Most m\u00e1r van itt egy nagyon j\u00f3 haveri t\u00e1rsas\u00e1gom, jobban ismerem a k\u00f6rny\u00e9ket.\u00a0<\/p>\n\n\n\n<p>N: N\u00e1lam nem v\u00e1ltozott semmi.\u00a0<\/p>\n\n\n\n<p><\/p>\n\n\n\n<ol class=\"wp-block-list\" start=\"3\">\n<li><strong>Mit \u00e9rzel otthonodnak?<\/strong><\/li>\n<\/ol>\n\n\n\n<p> P: Magyarorsz\u00e1g \u00e9s Norv\u00e9gia is az otthonom, de most m\u00e1r Norv\u00e9gi\u00e1ban jobban otthon \u00e9rzem magam. Magyarorsz\u00e1g a gyerekkorom \u00e9s a m\u00faltam, Norv\u00e9gia meg a mostani \u00e9nem.<\/p>\n\n\n\n<p><em>( Ugyan\u00fagy Norv\u00e9gi\u00e1t \u00e9s Magyarorsz\u00e1got is az otthonomnak \u00e9rzem, de Magyarorsz\u00e1g m\u00e9g mindig fontosabb sz\u00e1momra.)<\/em><\/p>\n\n\n\n<p>N: Norv\u00e9gi\u00e1t \u00e9rzem otthonomnak, mert ott t\u00f6bbet vagyok, de att\u00f3l m\u00e9g Magyarorsz\u00e1got is otthonomnak \u00e9rzem, att\u00f3l m\u00e9g, hogy nem vagyunk annyit ott.&nbsp;&nbsp;<\/p>\n\n\n\n<p><em>\u00a0(Ahol ti laktok Anya.<\/em>)<\/p>\n\n\n\n<p><\/p>\n\n\n\n<ol class=\"wp-block-list\" start=\"4\">\n<li><strong>\u00a0Szokott honv\u00e1gyad lenni, amikor Norv\u00e9gi\u00e1ban vagy \u00e9s mit hi\u00e1nyolsz?<\/strong><\/li>\n<\/ol>\n\n\n\n<p>P: Kar\u00e1csony el\u0151tt van honv\u00e1gyam, vagy&nbsp; k\u00f6zvetlen\u00fcl akkor, amikor megy\u00fcnk haza. Vagy amikor telefonon besz\u00e9l\u00fcnk a csal\u00e1ddal, vagy pl most amikor Lar\u00e1nak szalagavat\u00f3ja van otthon, \u00e9s nem tudok haza menni. Ilusk\u00e1ra is minden nap gondolok.<\/p>\n\n\n\n<p>N: Igen, f\u0151leg amikor k\u00f6zeledik, hogy megy\u00fcnk haza. Csal\u00e1dok, bar\u00e1tok \u00e9s Iluska hi\u00e1nyzik.\u00a0<\/p>\n\n\n\n<p><\/p>\n\n\n\n<ol class=\"wp-block-list\" start=\"5\">\n<li><strong>\u00c9s amikor otthon vagyunk hi\u00e1nyzik Norv\u00e9gia?<\/strong><\/li>\n<\/ol>\n\n\n\n<p>P: Id\u00e9n ny\u00e1ron el\u0151sz\u00f6r hi\u00e1nyzott nagyon Norv\u00e9gia. Mi\u00f3ta van egy nagyon j\u00f3 haveri t\u00e1rsas\u00e1gom, hi\u00e1nyzott ny\u00e1ron a megszokott k\u00f6z\u00f6ss\u00e9gi \u00e9letem.<\/p>\n\n\n\n<p>(<em>A bar\u00e1taim szoktak hi\u00e1nyozni, de abban a p\u00e1r h\u00e9tben a f\u00f3kusz ink\u00e1bb Magyarorsz\u00e1g.)<\/em><\/p>\n\n\n\n<p>N: Nekem nem volt honv\u00e1gyam, mert \u00edgy is tudtam tartani a kapcsolatot a bar\u00e1taimmal, \u00e9s nem voltam olyan sok\u00e1ig t\u00e1vol.<\/p>\n\n\n\n<p>( <em>Igen, kicsit. Ha pl t\u00e9len vagyunk otthon akkor hi\u00e1nyzik a h\u00f3. Ny\u00e1ron a tenger, \u00e9s a bar\u00e1taim hi\u00e1nyoznak.)<\/em><\/p>\n\n\n\n<p>&#8230;&#8230;&#8230;&#8230;<\/p>\n\n\n\n<p>Igen, \u00e9n is \u00fagy \u00e9rzem, hogy mi\u00f3ta a gyerekek tin\u00e9dzserek, a bar\u00e1tok egyre fontosabbak sz\u00e1mukra, ez\u00e1ltal a mostani \u00e9let\u00fck m\u00e1r sokkal jobban ide k\u00f6ti \u0151ket Norv\u00e9gi\u00e1hoz. Panka emiatt lelkizett is egy kicsit, hogy rem\u00e9li otthon ezzel nem b\u00e1nt meg senkit, de szerintem ez teljesen \u00e9rthet\u0151, hogy \u00edgy \u00e9reznek. M\u00e9g mindig fontosak nekik az otthoniak, megeml\u00e9kez\u00fcnk itt a magyarorsz\u00e1gi \u00fcnnepekr\u0151l, de az otthonuk most m\u00e1r itt van. Jan\u00e1t is pr\u00f3b\u00e1ltam faggatni, de bel\u0151le nem sokat tudtam kiszedni, max igennel \u00e9s nemmel v\u00e1laszolt. Im\u00e1dom. \ud83d\ude42<\/p>\n\n\n\n<figure class=\"wp-block-gallery has-nested-images columns-default is-cropped wp-block-gallery-1 is-layout-flex wp-block-gallery-is-layout-flex\">\n<figure class=\"wp-block-image size-large\"><img loading=\"lazy\" decoding=\"async\" width=\"958\" height=\"1024\" data-id=\"452\" src=\"https:\/\/hellonorvegia.devengo.hu\/wp-content\/uploads\/2023\/10\/Panka-_Normo-958x1024.jpg\" alt=\"\" class=\"wp-image-452\" srcset=\"https:\/\/hellonorvegia.devengo.hu\/wp-content\/uploads\/2023\/10\/Panka-_Normo-958x1024.jpg 958w, https:\/\/hellonorvegia.devengo.hu\/wp-content\/uploads\/2023\/10\/Panka-_Normo-281x300.jpg 281w, https:\/\/hellonorvegia.devengo.hu\/wp-content\/uploads\/2023\/10\/Panka-_Normo-768x821.jpg 768w, https:\/\/hellonorvegia.devengo.hu\/wp-content\/uploads\/2023\/10\/Panka-_Normo.jpg 1125w\" sizes=\"auto, (max-width: 958px) 100vw, 958px\" \/><\/figure>\n<\/figure>\n","protected":false},"excerpt":{"rendered":"<p>Id\u00e9n kerek \u00e9vfordul\u00f3t \u00fcnnepelt\u00fcnk, mert m\u00e1r 5 \u00e9ve, hogy kik\u00f6lt\u00f6zt\u00fcnk. Visszan\u00e9ztem, hogy tavaly miket k\u00e9rdeztem t\u0151l\u00fck, \u00e9s nagyj\u00e1b\u00f3l id\u00e9n is ezeket k\u00e9rdeztem, csak most \u00f6sszehasonl\u00edt\u00e1sul volt, hogy mell\u00e9 raktam z\u00e1r\u00f3jelben&nbsp; a tavalyi v\u00e1laszokat.&nbsp; P: J\u00f3l \u00e9rzem magam nagyon. (Most m\u00e1r j\u00f3l \u00e9rzem magam nagyon, mert tal\u00e1ltam bar\u00e1tokat, \u00e9s m\u00e1r a nyelvet is j\u00f3l besz\u00e9lem.) N: [&hellip;]<\/p>\n","protected":false},"author":2,"featured_media":0,"comment_status":"open","ping_status":"open","sticky":false,"template":"","format":"standard","meta":{"footnotes":""},"categories":[1],"tags":[],"class_list":["post-451","post","type-post","status-publish","format-standard","hentry","category-uncategorized"],"_links":{"self":[{"href":"https:\/\/hellonorvegia.devengo.hu\/index.php?rest_route=\/wp\/v2\/posts\/451","targetHints":{"allow":["GET"]}}],"collection":[{"href":"https:\/\/hellonorvegia.devengo.hu\/index.php?rest_route=\/wp\/v2\/posts"}],"about":[{"href":"https:\/\/hellonorvegia.devengo.hu\/index.php?rest_route=\/wp\/v2\/types\/post"}],"author":[{"embeddable":true,"href":"https:\/\/hellonorvegia.devengo.hu\/index.php?rest_route=\/wp\/v2\/users\/2"}],"replies":[{"embeddable":true,"href":"https:\/\/hellonorvegia.devengo.hu\/index.php?rest_route=%2Fwp%2Fv2%2Fcomments&post=451"}],"version-history":[{"count":1,"href":"https:\/\/hellonorvegia.devengo.hu\/index.php?rest_route=\/wp\/v2\/posts\/451\/revisions"}],"predecessor-version":[{"id":453,"href":"https:\/\/hellonorvegia.devengo.hu\/index.php?rest_route=\/wp\/v2\/posts\/451\/revisions\/453"}],"wp:attachment":[{"href":"https:\/\/hellonorvegia.devengo.hu\/index.php?rest_route=%2Fwp%2Fv2%2Fmedia&parent=451"}],"wp:term":[{"taxonomy":"category","embeddable":true,"href":"https:\/\/hellonorvegia.devengo.hu\/index.php?rest_route=%2Fwp%2Fv2%2Fcategories&post=451"},{"taxonomy":"post_tag","embeddable":true,"href":"https:\/\/hellonorvegia.devengo.hu\/index.php?rest_route=%2Fwp%2Fv2%2Ftags&post=451"}],"curies":[{"name":"wp","href":"https:\/\/api.w.org\/{rel}","templated":true}]}}