{"id":455,"date":"2024-01-22T10:03:19","date_gmt":"2024-01-22T09:03:19","guid":{"rendered":"https:\/\/hellonorvegia.devengo.hu\/?p=455"},"modified":"2024-03-07T15:35:21","modified_gmt":"2024-03-07T14:35:21","slug":"elza-beragott-de-lehet-holle-anyonak-gurult-el-a-gyogyszere","status":"publish","type":"post","link":"https:\/\/hellonorvegia.devengo.hu\/?p=455","title":{"rendered":"Elza ber\u00e1gott, de lehet Holle any\u00f3nak gurult el a gy\u00f3gyszere\u2026"},"content":{"rendered":"\n<p>Tavaly decemberben volt pont 10 \u00e9ve, hogy a gyerekekkel megn\u00e9zt\u00fck a J\u00e9gvar\u00e1zs (Frozen) c\u00edm\u0171 rajzfilmet. A rajzfilm k\u00e9sz\u00edt\u0151i Norv\u00e9gia nyugati partjain tal\u00e1lhat\u00f3 t\u00e1jakb\u00f3l inspir\u00e1l\u00f3dtak, \u00e9s most, hogy nem olyan r\u00e9g ism\u00e9t megn\u00e9zt\u00fck a rajzfilmet, mi is felfedezt\u00fck a t\u00e1jakban, az \u00f6lt\u00f6z\u00e9kekben a norv\u00e9g mot\u00edvumokat. Az elm\u00falt 4 h\u00e9tben viszont az id\u0151j\u00e1r\u00e1s is egyre jobban hasonl\u00edtott a rajzfilmben l\u00e1tottakra.&nbsp;<\/p>\n\n\n\n<p>Kezd\u0151d\u00f6tt azzal, hogy amikor janu\u00e1r 2-\u00e1n haza \u00e9rt\u00fcnk vakarhattuk ki az aut\u00f3t a h\u00f3b\u00f3l a parkol\u00f3ban, mert az el\u0151z\u0151 napokban hatalmas mennyis\u00e9g esett le. Szerencs\u00e9re most el\u0151rel\u00e1t\u00f3 voltam, \u00e9s m\u00e1r be voltak k\u00e9szitve a j\u00e9gkapar\u00f3k, sapk\u00e1k, keszty\u0171k a kocsiban.&nbsp;<\/p>\n\n\n\n<p>Azt\u00e1n p\u00e1r nap m\u00falva megtapasztalhattuk milyen, amikor a h\u0151m\u00e9r\u0151 higanysz\u00e1la leesik -20 fok al\u00e1, \u00e9s ez j\u00f3 p\u00e1r napig kitartott. Ut\u00e1na m\u00e1r a -10 fok nem is t\u0171nt olyan hidegnek. \u00c9n m\u00e9g tudtam otthonr\u00f3l dolgozni, \u00e9s nem sokat voltam kint, de a gyerekek ebben az id\u0151ben mentek suliba. Persze tin\u00e9dzserek \u00e9s m\u00e9g most is \u00fagy kellett r\u00e1juk tukm\u00e1lnom a sapk\u00e1t vagy a keszty\u0171t.&nbsp;<\/p>\n\n\n\n<p>M\u00falt h\u00e9ten szerd\u00e1n pedig a k\u00f6zleked\u00e9s teljesen elesett ebben a\u00a0 r\u00e9gi\u00f3ban. Hi\u00e1ba \u00e9szaki orsz\u00e1g, hi\u00e1ba esik itt minden t\u00e9len a h\u00f3, az\u00e9rt a h\u00f3viharral -7 fokban mert nem tudott megk\u00fczdeni sem a t\u00f6megk\u00f6zleked\u00e9s, sem a vas\u00fat, \u00e9s m\u00e9g p\u00e1r \u00f3r\u00e1ra a repteret is lez\u00e1rt\u00e1k.\u00a0Sokan t\u00f6bb \u00f3r\u00e1ra Osl\u00f3ban vagy a k\u00f6rny\u00e9k\u00e9n ragadtak. A taxi t\u00e1rsas\u00e1gok m\u00e1r nem vettek fel t\u00f6bb rendel\u00e9st. \u00c9n itthonr\u00f3l dolgoztam, mert el\u0151z\u0151 nap m\u00e1r irt\u00e1k a norv\u00e9g h\u00edrekben (NRK.no), hogy aki teheti ne menjen kocsival dolgozni. Pank\u00e1nak szerencs\u00e9re aznap pont nem volt suli, Norm\u00f3 gyalog j\u00e1r iskol\u00e1ba, \u00e9s Jana,mint mindig norv\u00e9gosan nyomja, \u00e9s biciklivel (szigor\u00faan sz\u00f6ges ker\u00e9kkel) ment dolgozni. Az Oslo k\u00f6rny\u00e9ki t\u00f6megk\u00f6zleked\u00e9s m\u00e1snap eln\u00e9z\u00e9st k\u00e9rt, hogy nem voltak a helyzet magaslat\u00e1n, amikor az utasokat inform\u00e1lni kellett volna. A kijelz\u0151t\u00e1bl\u00e1kon \u00f6ssze-vissza jelentek meg mikor j\u00f6nnek a buszok, \u00e9s m\u00e9g akkor is azt \u00edrt\u00e1k, hogy 5 perc m\u00falva van ott, amikor sehol nem volt.\u00a0<\/p>\n\n\n\n<p>Lehet, hogy ebb\u0151l a k\u00e1oszb\u00f3l okulva, de m\u00e1ra kifejezetten k\u00e9rtek mindenkit, hogy aki tud dolgozzon otthonr\u00f3l, \u00e9s a fels\u0151 k\u00f6z\u00e9piskol\u00e1k sem nyitottak ki ebben a r\u00e9gi\u00f3ban, mivel a t\u00f6bb hetes \u00e1tlagban -15 fokos h\u0151m\u00e9rs\u00e9klet felmelegedett 4 fokra, \u00e9s az utakon j\u00e9gp\u00e1lya van. Norm\u00f3t ezt nem \u00e9rintette \u00e9s persze morgott egy kicsit, hogy nekik, mi\u00e9rt kell suliba menni. Kapott sz\u00f6ges talpat a cip\u0151j\u00e9re, azt\u00e1n mehetett is gyalog.\u00a0A sz\u00e9p h\u00f3 pedig elkezdett olvadni, de att\u00f3l nem f\u00e9lek, hogy nem j\u00f6n majd ut\u00e1np\u00f3tl\u00e1s, mert m\u00e9g legal\u00e1bb 2 h\u00f3nap van h\u00e1tra a t\u00e9lb\u0151l. Egy biztos mi\u00f3ta itt lakunk, ez a 6. tel\u00fcnk, de t\u00f6bb h\u00e9tig\u00a0 ilyen sok h\u00f3ban, \u00e9s ilyen hidegben m\u00e9g nem voltunk. De edz\u0151d\u00fcnk, \u00e9s \u00e9n kifezejezetten im\u00e1dok a hidegben s\u00e9t\u00e1lni mik\u00f6zben ropog a talpam alatt a h\u00f3.\u00a0\u00a0<\/p>\n\n\n\n<figure class=\"wp-block-gallery has-nested-images columns-default is-cropped wp-block-gallery-1 is-layout-flex wp-block-gallery-is-layout-flex\">\n<figure class=\"wp-block-image size-large\"><img loading=\"lazy\" decoding=\"async\" width=\"1024\" height=\"1024\" data-id=\"456\" src=\"https:\/\/hellonorvegia.devengo.hu\/wp-content\/uploads\/2024\/01\/image_123650291-1024x1024.jpg\" alt=\"\" class=\"wp-image-456\" srcset=\"https:\/\/hellonorvegia.devengo.hu\/wp-content\/uploads\/2024\/01\/image_123650291-1024x1024.jpg 1024w, https:\/\/hellonorvegia.devengo.hu\/wp-content\/uploads\/2024\/01\/image_123650291-300x300.jpg 300w, https:\/\/hellonorvegia.devengo.hu\/wp-content\/uploads\/2024\/01\/image_123650291-150x150.jpg 150w, https:\/\/hellonorvegia.devengo.hu\/wp-content\/uploads\/2024\/01\/image_123650291-768x768.jpg 768w, https:\/\/hellonorvegia.devengo.hu\/wp-content\/uploads\/2024\/01\/image_123650291-1536x1536.jpg 1536w, https:\/\/hellonorvegia.devengo.hu\/wp-content\/uploads\/2024\/01\/image_123650291.jpg 1800w\" sizes=\"auto, (max-width: 1024px) 100vw, 1024px\" \/><\/figure>\n<\/figure>\n","protected":false},"excerpt":{"rendered":"<p>Tavaly decemberben volt pont 10 \u00e9ve, hogy a gyerekekkel megn\u00e9zt\u00fck a J\u00e9gvar\u00e1zs (Frozen) c\u00edm\u0171 rajzfilmet. A rajzfilm k\u00e9sz\u00edt\u0151i Norv\u00e9gia nyugati partjain tal\u00e1lhat\u00f3 t\u00e1jakb\u00f3l inspir\u00e1l\u00f3dtak, \u00e9s most, hogy nem olyan r\u00e9g ism\u00e9t megn\u00e9zt\u00fck a rajzfilmet, mi is felfedezt\u00fck a t\u00e1jakban, az \u00f6lt\u00f6z\u00e9kekben a norv\u00e9g mot\u00edvumokat. Az elm\u00falt 4 h\u00e9tben viszont az id\u0151j\u00e1r\u00e1s is egyre jobban hasonl\u00edtott [&hellip;]<\/p>\n","protected":false},"author":2,"featured_media":0,"comment_status":"open","ping_status":"open","sticky":false,"template":"","format":"standard","meta":{"footnotes":""},"categories":[1],"tags":[],"class_list":["post-455","post","type-post","status-publish","format-standard","hentry","category-uncategorized"],"_links":{"self":[{"href":"https:\/\/hellonorvegia.devengo.hu\/index.php?rest_route=\/wp\/v2\/posts\/455","targetHints":{"allow":["GET"]}}],"collection":[{"href":"https:\/\/hellonorvegia.devengo.hu\/index.php?rest_route=\/wp\/v2\/posts"}],"about":[{"href":"https:\/\/hellonorvegia.devengo.hu\/index.php?rest_route=\/wp\/v2\/types\/post"}],"author":[{"embeddable":true,"href":"https:\/\/hellonorvegia.devengo.hu\/index.php?rest_route=\/wp\/v2\/users\/2"}],"replies":[{"embeddable":true,"href":"https:\/\/hellonorvegia.devengo.hu\/index.php?rest_route=%2Fwp%2Fv2%2Fcomments&post=455"}],"version-history":[{"count":3,"href":"https:\/\/hellonorvegia.devengo.hu\/index.php?rest_route=\/wp\/v2\/posts\/455\/revisions"}],"predecessor-version":[{"id":462,"href":"https:\/\/hellonorvegia.devengo.hu\/index.php?rest_route=\/wp\/v2\/posts\/455\/revisions\/462"}],"wp:attachment":[{"href":"https:\/\/hellonorvegia.devengo.hu\/index.php?rest_route=%2Fwp%2Fv2%2Fmedia&parent=455"}],"wp:term":[{"taxonomy":"category","embeddable":true,"href":"https:\/\/hellonorvegia.devengo.hu\/index.php?rest_route=%2Fwp%2Fv2%2Fcategories&post=455"},{"taxonomy":"post_tag","embeddable":true,"href":"https:\/\/hellonorvegia.devengo.hu\/index.php?rest_route=%2Fwp%2Fv2%2Ftags&post=455"}],"curies":[{"name":"wp","href":"https:\/\/api.w.org\/{rel}","templated":true}]}}