{"id":465,"date":"2024-03-22T10:22:22","date_gmt":"2024-03-22T09:22:22","guid":{"rendered":"https:\/\/hellonorvegia.devengo.hu\/?p=465"},"modified":"2024-03-22T10:22:23","modified_gmt":"2024-03-22T09:22:23","slug":"a-postat-most-mar-erre-a-cimre-kerem","status":"publish","type":"post","link":"https:\/\/hellonorvegia.devengo.hu\/?p=465","title":{"rendered":"A post\u00e1t most m\u00e1r erre a c\u00edmre k\u00e9rem\u2026"},"content":{"rendered":"\n<p>T\u00fal vagyunk egy \u0151r\u00fcletes 6 heten. Onnant\u00f3l kezdve, hogy megkaptuk a kulcsokat Jan\u00e1val felp\u00f6rgett\u00fck magunkat \u00e9s elkezdt\u00fck fel\u00faj\u00edtani \u00e9s a saj\u00e1t \u00edzl\u00e9s\u00fcnkre alak\u00edtani a h\u00e1zat, minden nap munka ut\u00e1n, \u00e9s persze h\u00e9tv\u00e9g\u00e9n is. A terv egy kis fest\u00e9s volt, fent a h\u00e1l\u00f3kban parkett\u00e1z\u00e1s, \u00e9s egy walk-in \u00e9p\u00edt\u00e9se. De ahogy telt az id\u0151, csak ad\u00f3dtak a munk\u00e1k pluszban, mert \u201cakkor m\u00e1r k\u00e9ne egy nagyobb el\u0151szoba, a konyhab\u00fator m\u00e9gsem olyan j\u00f3, itt lebontok egy falat, ide meg \u00e9p\u00edtek, ez az ablakkeret sem olyan sz\u00e9p stb\u2026\u201d. Jana bontott \u00e9s \u00e9p\u00edtett, parkett\u00e1zott, \u00e9n meg kifestettem az eg\u00e9sz h\u00e1zat, plusz a konyhab\u00fatort, b\u00e1r ott szerencs\u00e9re a gyerekek a kezem al\u00e1 dolgoztak. Aprop\u00f3 k\u00e9z, az\u00f3ta f\u00e1j mind a kett\u0151nknek, meg persze el\u0151j\u00f6tt a teniszk\u00f6ny\u00f6k\u00f6m is, de sebaj mert amikor v\u00e9gig n\u00e9zek a h\u00e1zon azt \u00e9rzem meg\u00e9rte. Azt\u00e1n j\u00f6tt a k\u00f6lt\u00f6z\u00e9s napja. K\u00e9t j\u00f3 fej magyar haverunk j\u00f6tt seg\u00edteni a cipeked\u00e9sben, \u00e9s este kilencre m\u00e1r ott \u00e1lltunk k\u00e9szen, a kitakar\u00edtott kec\u00f3ban. Pank\u00e1val az\u00e9rt megsirattuk, mert az\u00e9rt m\u00e9gis csak ez volt itt az els\u0151 otthonunk, \u00e9s nagyon szerencs\u00e9sek voltunk, hogy egy ilyen gy\u00f6ny\u00f6r\u0171 helyen lakhattunk. De ez az \u00e9rz\u00e9s elm\u00falt m\u00e1snap abban a pillanatban, amikor j\u00f6ttek a tulaj\u00e9k, \u00e9s odaadtuk nekik a kulcsokat. Akkor visszaj\u00f6tt az az \u00e9rz\u00e9s, hogy igen, ez nem a mi lak\u00e1sunk, \u00e9s ak\u00e1r milyen j\u00f3 fejek is voltak, ut\u00e1ltam amikor \u00e9vente j\u00f6ttek csekkolni, hogy minden rendben van-e, vagy mi m\u00e1r r\u00e9g lecser\u00e9lt\u00fcnk volna ezt-azt, de h\u00e1t nem a mi\u00e9nk, az\u00e9rt annyit m\u00e9gse k\u00f6lts\u00fcnk m\u00e1snak a lak\u00e1s\u00e1ra.&nbsp;<\/p>\n\n\n\n<p>Most itt lakunk 6 napja a h\u00e1zunkban, \u00e9s im\u00e1dom. Persze m\u00e9g egy kicsit kaotikus, meg m\u00e9g kellenek szekr\u00e9nyek, meg itt-ott szeg\u00e9lyl\u00e9cek, meg takar\u00f3l\u00e9cek, meg ja, itt is kellene szil\u00f3zni, de nem \u00e9rdekel. Lassan (itt nagyon lassan) j\u00f6n a tavasz, m\u00e1r olvad a h\u00f3, \u00e9s nemsok\u00e1ra a kert\u00fcnket is \u00e9lvezhetj\u00fck. Az elm\u00falt hetek f\u00e1radalmait pedig holnapt\u00f3l kipihenj\u00fck, mert v\u00e9gre ism\u00e9t utazunk.\u00a0<\/p>\n\n\n\n<figure class=\"wp-block-image size-large is-resized\"><img loading=\"lazy\" decoding=\"async\" width=\"1024\" height=\"1024\" src=\"https:\/\/hellonorvegia.devengo.hu\/wp-content\/uploads\/2024\/03\/felujitas-1024x1024.jpg\" alt=\"\" class=\"wp-image-466\" style=\"width:840px;height:auto\" srcset=\"https:\/\/hellonorvegia.devengo.hu\/wp-content\/uploads\/2024\/03\/felujitas-1024x1024.jpg 1024w, https:\/\/hellonorvegia.devengo.hu\/wp-content\/uploads\/2024\/03\/felujitas-300x300.jpg 300w, https:\/\/hellonorvegia.devengo.hu\/wp-content\/uploads\/2024\/03\/felujitas-150x150.jpg 150w, https:\/\/hellonorvegia.devengo.hu\/wp-content\/uploads\/2024\/03\/felujitas-768x768.jpg 768w, https:\/\/hellonorvegia.devengo.hu\/wp-content\/uploads\/2024\/03\/felujitas-1536x1536.jpg 1536w, https:\/\/hellonorvegia.devengo.hu\/wp-content\/uploads\/2024\/03\/felujitas.jpg 1800w\" sizes=\"auto, (max-width: 1024px) 100vw, 1024px\" \/><\/figure>\n","protected":false},"excerpt":{"rendered":"<p>T\u00fal vagyunk egy \u0151r\u00fcletes 6 heten. Onnant\u00f3l kezdve, hogy megkaptuk a kulcsokat Jan\u00e1val felp\u00f6rgett\u00fck magunkat \u00e9s elkezdt\u00fck fel\u00faj\u00edtani \u00e9s a saj\u00e1t \u00edzl\u00e9s\u00fcnkre alak\u00edtani a h\u00e1zat, minden nap munka ut\u00e1n, \u00e9s persze h\u00e9tv\u00e9g\u00e9n is. A terv egy kis fest\u00e9s volt, fent a h\u00e1l\u00f3kban parkett\u00e1z\u00e1s, \u00e9s egy walk-in \u00e9p\u00edt\u00e9se. De ahogy telt az id\u0151, csak ad\u00f3dtak a [&hellip;]<\/p>\n","protected":false},"author":2,"featured_media":0,"comment_status":"open","ping_status":"open","sticky":false,"template":"","format":"standard","meta":{"footnotes":""},"categories":[1],"tags":[],"class_list":["post-465","post","type-post","status-publish","format-standard","hentry","category-uncategorized"],"_links":{"self":[{"href":"https:\/\/hellonorvegia.devengo.hu\/index.php?rest_route=\/wp\/v2\/posts\/465","targetHints":{"allow":["GET"]}}],"collection":[{"href":"https:\/\/hellonorvegia.devengo.hu\/index.php?rest_route=\/wp\/v2\/posts"}],"about":[{"href":"https:\/\/hellonorvegia.devengo.hu\/index.php?rest_route=\/wp\/v2\/types\/post"}],"author":[{"embeddable":true,"href":"https:\/\/hellonorvegia.devengo.hu\/index.php?rest_route=\/wp\/v2\/users\/2"}],"replies":[{"embeddable":true,"href":"https:\/\/hellonorvegia.devengo.hu\/index.php?rest_route=%2Fwp%2Fv2%2Fcomments&post=465"}],"version-history":[{"count":1,"href":"https:\/\/hellonorvegia.devengo.hu\/index.php?rest_route=\/wp\/v2\/posts\/465\/revisions"}],"predecessor-version":[{"id":467,"href":"https:\/\/hellonorvegia.devengo.hu\/index.php?rest_route=\/wp\/v2\/posts\/465\/revisions\/467"}],"wp:attachment":[{"href":"https:\/\/hellonorvegia.devengo.hu\/index.php?rest_route=%2Fwp%2Fv2%2Fmedia&parent=465"}],"wp:term":[{"taxonomy":"category","embeddable":true,"href":"https:\/\/hellonorvegia.devengo.hu\/index.php?rest_route=%2Fwp%2Fv2%2Fcategories&post=465"},{"taxonomy":"post_tag","embeddable":true,"href":"https:\/\/hellonorvegia.devengo.hu\/index.php?rest_route=%2Fwp%2Fv2%2Ftags&post=465"}],"curies":[{"name":"wp","href":"https:\/\/api.w.org\/{rel}","templated":true}]}}