{"id":468,"date":"2024-05-06T18:03:03","date_gmt":"2024-05-06T16:03:03","guid":{"rendered":"https:\/\/hellonorvegia.devengo.hu\/?p=468"},"modified":"2024-05-06T18:03:04","modified_gmt":"2024-05-06T16:03:04","slug":"mi-lett-volna-ha","status":"publish","type":"post","link":"https:\/\/hellonorvegia.devengo.hu\/?p=468","title":{"rendered":"Mi lett volna, ha&#8230;"},"content":{"rendered":"\n<p>Most h\u00e9tv\u00e9g\u00e9n volt a ballag\u00e1s Magyarorsz\u00e1gon. Az id\u00e9n ezt az\u00e9rt jegyezt\u00fck meg, mert Panka is most ballagott volna, ha otthon vagyunk. L\u00e1ttuk a sok k\u00e9pet, amit a volt oszt\u00e1lyt\u00e1rsai, bar\u00e1tai t\u00f6lt\u00f6ttek fel a netre, \u00e9s olyan furcsa volt abba belegondolni, hogy mennyire m\u00e1sk\u00e9pp alakult volna a h\u00e9tv\u00e9g\u00e9nk, ha most otthon vagyunk. Ehelyett k\u00e9sz\u00fclve a norv\u00e9gok m\u00e1jus 17-i Nemzeti \u00dcnnep\u00e9re, Panka megkapta \u00e9lete els\u0151 hagyom\u00e1nyos norv\u00e9g \u00fcnnepl\u0151j\u00e9t, \u00e9s Norm\u00f3nak pedig vett\u00fcnk egy \u00f6lt\u00f6nyt. Ez a norv\u00e9goknak legfontosabb \u00fcnnepe, \u00e9s err\u0151l szerintem m\u00e1r \u00edrtam kor\u00e1bban. Ilyenkor a csal\u00e1dok, \u00e9s bar\u00e1tok m\u00e1r reggel \u00f6sszej\u00f6nnek, egy\u00fctt reggeliznek, \u00e9s \u00fcnneplik ezt a napot. Az \u00e1ltal\u00e1nos iskol\u00e1sok felvonulnak, az iskolai zenekar k\u00eds\u00e9ret\u00e9vel. Mindenki ki van \u00f6lt\u00f6zve. A n\u0151k ilyenkor felveszik a hagyom\u00e1nyos norv\u00e9g n\u00e9pviselet\u00fcket (bunad), a f\u00e9rfiak \u00e1ltal\u00e1ban \u00f6lt\u00f6nyben vannak. Ahogy teltek az \u00e9vek az vett\u00fck \u00e9szre, hogy a gyerekeinek is egyre fontosabb, hogy ezt a napot a bar\u00e1taikkal t\u00f6lts\u00e9k, \u00e9s most m\u00e1r a ruh\u00e1ikkal sem fognak kil\u00f3gni a sorb\u00f3l. \ud83d\ude42<\/p>\n\n\n\n<p>K\u00e9pet majd m\u00e1jus 17-\u00e9n teszek ki.&nbsp;&nbsp;<\/p>\n","protected":false},"excerpt":{"rendered":"<p>Most h\u00e9tv\u00e9g\u00e9n volt a ballag\u00e1s Magyarorsz\u00e1gon. Az id\u00e9n ezt az\u00e9rt jegyezt\u00fck meg, mert Panka is most ballagott volna, ha otthon vagyunk. L\u00e1ttuk a sok k\u00e9pet, amit a volt oszt\u00e1lyt\u00e1rsai, bar\u00e1tai t\u00f6lt\u00f6ttek fel a netre, \u00e9s olyan furcsa volt abba belegondolni, hogy mennyire m\u00e1sk\u00e9pp alakult volna a h\u00e9tv\u00e9g\u00e9nk, ha most otthon vagyunk. Ehelyett k\u00e9sz\u00fclve a norv\u00e9gok [&hellip;]<\/p>\n","protected":false},"author":2,"featured_media":0,"comment_status":"open","ping_status":"open","sticky":false,"template":"","format":"standard","meta":{"footnotes":""},"categories":[1],"tags":[],"class_list":["post-468","post","type-post","status-publish","format-standard","hentry","category-uncategorized"],"_links":{"self":[{"href":"https:\/\/hellonorvegia.devengo.hu\/index.php?rest_route=\/wp\/v2\/posts\/468","targetHints":{"allow":["GET"]}}],"collection":[{"href":"https:\/\/hellonorvegia.devengo.hu\/index.php?rest_route=\/wp\/v2\/posts"}],"about":[{"href":"https:\/\/hellonorvegia.devengo.hu\/index.php?rest_route=\/wp\/v2\/types\/post"}],"author":[{"embeddable":true,"href":"https:\/\/hellonorvegia.devengo.hu\/index.php?rest_route=\/wp\/v2\/users\/2"}],"replies":[{"embeddable":true,"href":"https:\/\/hellonorvegia.devengo.hu\/index.php?rest_route=%2Fwp%2Fv2%2Fcomments&post=468"}],"version-history":[{"count":1,"href":"https:\/\/hellonorvegia.devengo.hu\/index.php?rest_route=\/wp\/v2\/posts\/468\/revisions"}],"predecessor-version":[{"id":469,"href":"https:\/\/hellonorvegia.devengo.hu\/index.php?rest_route=\/wp\/v2\/posts\/468\/revisions\/469"}],"wp:attachment":[{"href":"https:\/\/hellonorvegia.devengo.hu\/index.php?rest_route=%2Fwp%2Fv2%2Fmedia&parent=468"}],"wp:term":[{"taxonomy":"category","embeddable":true,"href":"https:\/\/hellonorvegia.devengo.hu\/index.php?rest_route=%2Fwp%2Fv2%2Fcategories&post=468"},{"taxonomy":"post_tag","embeddable":true,"href":"https:\/\/hellonorvegia.devengo.hu\/index.php?rest_route=%2Fwp%2Fv2%2Ftags&post=468"}],"curies":[{"name":"wp","href":"https:\/\/api.w.org\/{rel}","templated":true}]}}