{"id":474,"date":"2024-10-22T19:15:47","date_gmt":"2024-10-22T17:15:47","guid":{"rendered":"https:\/\/hellonorvegia.devengo.hu\/?p=474"},"modified":"2024-10-22T19:15:47","modified_gmt":"2024-10-22T17:15:47","slug":"mi-is-az-a-natteravn","status":"publish","type":"post","link":"https:\/\/hellonorvegia.devengo.hu\/?p=474","title":{"rendered":"Mi is az a natteravn?"},"content":{"rendered":"\n<p>Eml\u00e9kszem amikor Norm\u00f3 elkezdte az als\u00f3 k\u00f6z\u00e9piskol\u00e1t valamikor \u0151sszel k\u00fcld\u00f6tt a oszt\u00e1lysz\u00fcl\u0151i k\u00e9pvisel\u0151 egy E-mailt benne egy t\u00e1bl\u00e1zattal, hogy egy adott h\u00f3napban a t\u00f6bbi sz\u00fcl\u0151vel egy\u00fctt be vagyunk osztva \u00e9jszakai \u0151rj\u00e1ratra. Csak pislogtam, hogy ez meg mi.&nbsp;<\/p>\n\n\n\n<p>Kider\u00fclt, hogy ez ism\u00e9t egy fajta \u00f6nk\u00e9ntesked\u00e9s, ami r\u00e9g\u00f3ta megszokott itt Norv\u00e9gi\u00e1ban. F\u0151leg az (ungdomsskole) als\u00f3 k\u00f6z\u00e9piskola sz\u00fclei szoktak benne r\u00e9szt venni.&nbsp;<\/p>\n\n\n\n<p>R\u00e1kerestem a pontos defin\u00edci\u00f3ra, ahol ezt \u00edrt\u00e1k::<\/p>\n\n\n\n<p>\u201c<em>Az \u00e9jszakai j\u00e1r\u0151r\u00f6z\u00e9s arr\u00f3l sz\u00f3l, hogy jelen legy\u00fcnk a gyerekek \u00e9s fiatalok sz\u00e1m\u00e1ra, amikor este \u00e9s \u00e9jszaka kint tart\u00f3zkodnak, felel\u0151ss\u00e9get v\u00e1llaljunk \u00e9s emberi gondoskod\u00e1st mutassunk. Amikor feln\u0151ttek vannak jelen ott, ahol a fiatalok tart\u00f3zkodnak, az megel\u0151z\u0151 \u00e9s csillap\u00edt\u00f3 hat\u00e1ssal van a nem k\u00edv\u00e1nt esem\u00e9nyekre.<\/em><\/p>\n\n\n\n<p><em>A legt\u00f6bb \u00e9jszakai j\u00e1r\u0151rcsoport j\u00f3l egy\u00fcttm\u0171k\u00f6dik a helyi rend\u0151rs\u00e9ggel, de \u00e9jszakai j\u00e1r\u0151rk\u00e9nt nem vagyunk \u201etartal\u00e9k rend\u0151r\u00f6k\u201d. Az \u00e9jszakai j\u00e1r\u0151r\u00f6k h\u00e9tk\u00f6znapi feln\u0151ttek k\u00fcl\u00f6nleges felhatalmaz\u00e1s n\u00e9lk\u00fcl. Megfigyel\u00fcnk \u00e9s seg\u00edt\u00fcnk, hallgatunk \u00e9s \u00fatmutat\u00e1st adunk, amikor a gyerekek \u00e9s fiatalok kezdem\u00e9nyezik. S\u00falyos esem\u00e9nyeket a sz\u00fcl\u0151kh\u00f6z, a rend\u0151rs\u00e9ghez vagy m\u00e1sokhoz kell ir\u00e1ny\u00edtani. Az \u00e9jszakai j\u00e1r\u0151r\u00f6k mindig csoportokban j\u00e1rnak, soha nem egyed\u00fcl.\u201d<\/em><\/p>\n\n\n\n<p>Minden h\u00e9ten p\u00e9nteken \u00e9s szombaton fognak most a sz\u00fcl\u0151k menni a Norm\u00f3 oszt\u00e1ly\u00e1b\u00f3l 3-4 f\u0151s csoportokban. Mi pont m\u00falt h\u00e9t szombatra voltunk beosztva, este 10-t\u0151l \u00e9jf\u00e9lig.&nbsp; Jana volt olyan j\u00f3 fej, hogy bev\u00e1llalta, hogy \u0150 megy, hogy ne nekem kelljen este a hidegben 2 \u00f3r\u00e1n kereszt\u00fcl s\u00e9t\u00e1lni. Szerencs\u00e9re egy f\u00e9l\u00e9vben csak egyszer kell j\u00e1r\u0151r\u00f6zni. Sz\u00f3val mi most erre az id\u0151szakra letudtuk.&nbsp;<\/p>\n\n\n\n<p>F\u00fcggetlen\u00fcl att\u00f3l, hogy persze valamennyire k\u00e9nyelmetlens\u00e9ggel is j\u00e1r, hogy az egyik h\u00e9tv\u00e9g\u00e9n Te vagy az \u00fcgyeletes j\u00e1r\u0151r, valahol m\u00e9gis j\u00f3nak tartom, hogy mennyire odafigyelnek a fiatalokra, \u00e9s sz\u00f3 n\u00e9lk\u00fcl megy mindenki j\u00e1r\u0151r\u00f6zni.&nbsp;<\/p>\n\n\n\n<p>(A k\u00e9p csak illusztr\u00e1ci\u00f3)<\/p>\n\n\n\n<figure class=\"wp-block-image size-large is-resized\"><img loading=\"lazy\" decoding=\"async\" width=\"1024\" height=\"525\" src=\"https:\/\/hellonorvegia.devengo.hu\/wp-content\/uploads\/2024\/10\/Natteravn-1024x525.jpg\" alt=\"\" class=\"wp-image-475\" style=\"width:363px;height:auto\" srcset=\"https:\/\/hellonorvegia.devengo.hu\/wp-content\/uploads\/2024\/10\/Natteravn-1024x525.jpg 1024w, https:\/\/hellonorvegia.devengo.hu\/wp-content\/uploads\/2024\/10\/Natteravn-300x154.jpg 300w, https:\/\/hellonorvegia.devengo.hu\/wp-content\/uploads\/2024\/10\/Natteravn-768x394.jpg 768w, https:\/\/hellonorvegia.devengo.hu\/wp-content\/uploads\/2024\/10\/Natteravn.jpg 1063w\" sizes=\"auto, (max-width: 1024px) 100vw, 1024px\" \/><\/figure>\n\n\n\n<p><\/p>\n","protected":false},"excerpt":{"rendered":"<p>Eml\u00e9kszem amikor Norm\u00f3 elkezdte az als\u00f3 k\u00f6z\u00e9piskol\u00e1t valamikor \u0151sszel k\u00fcld\u00f6tt a oszt\u00e1lysz\u00fcl\u0151i k\u00e9pvisel\u0151 egy E-mailt benne egy t\u00e1bl\u00e1zattal, hogy egy adott h\u00f3napban a t\u00f6bbi sz\u00fcl\u0151vel egy\u00fctt be vagyunk osztva \u00e9jszakai \u0151rj\u00e1ratra. Csak pislogtam, hogy ez meg mi.&nbsp; Kider\u00fclt, hogy ez ism\u00e9t egy fajta \u00f6nk\u00e9ntesked\u00e9s, ami r\u00e9g\u00f3ta megszokott itt Norv\u00e9gi\u00e1ban. F\u0151leg az (ungdomsskole) als\u00f3 k\u00f6z\u00e9piskola sz\u00fclei [&hellip;]<\/p>\n","protected":false},"author":2,"featured_media":0,"comment_status":"open","ping_status":"open","sticky":false,"template":"","format":"standard","meta":{"footnotes":""},"categories":[1],"tags":[],"class_list":["post-474","post","type-post","status-publish","format-standard","hentry","category-uncategorized"],"_links":{"self":[{"href":"https:\/\/hellonorvegia.devengo.hu\/index.php?rest_route=\/wp\/v2\/posts\/474","targetHints":{"allow":["GET"]}}],"collection":[{"href":"https:\/\/hellonorvegia.devengo.hu\/index.php?rest_route=\/wp\/v2\/posts"}],"about":[{"href":"https:\/\/hellonorvegia.devengo.hu\/index.php?rest_route=\/wp\/v2\/types\/post"}],"author":[{"embeddable":true,"href":"https:\/\/hellonorvegia.devengo.hu\/index.php?rest_route=\/wp\/v2\/users\/2"}],"replies":[{"embeddable":true,"href":"https:\/\/hellonorvegia.devengo.hu\/index.php?rest_route=%2Fwp%2Fv2%2Fcomments&post=474"}],"version-history":[{"count":1,"href":"https:\/\/hellonorvegia.devengo.hu\/index.php?rest_route=\/wp\/v2\/posts\/474\/revisions"}],"predecessor-version":[{"id":476,"href":"https:\/\/hellonorvegia.devengo.hu\/index.php?rest_route=\/wp\/v2\/posts\/474\/revisions\/476"}],"wp:attachment":[{"href":"https:\/\/hellonorvegia.devengo.hu\/index.php?rest_route=%2Fwp%2Fv2%2Fmedia&parent=474"}],"wp:term":[{"taxonomy":"category","embeddable":true,"href":"https:\/\/hellonorvegia.devengo.hu\/index.php?rest_route=%2Fwp%2Fv2%2Fcategories&post=474"},{"taxonomy":"post_tag","embeddable":true,"href":"https:\/\/hellonorvegia.devengo.hu\/index.php?rest_route=%2Fwp%2Fv2%2Ftags&post=474"}],"curies":[{"name":"wp","href":"https:\/\/api.w.org\/{rel}","templated":true}]}}