{"id":478,"date":"2024-11-21T09:02:24","date_gmt":"2024-11-21T08:02:24","guid":{"rendered":"https:\/\/hellonorvegia.devengo.hu\/?p=478"},"modified":"2024-11-21T09:02:24","modified_gmt":"2024-11-21T08:02:24","slug":"keresd-a-fenyt","status":"publish","type":"post","link":"https:\/\/hellonorvegia.devengo.hu\/?p=478","title":{"rendered":"Keresd a f\u00e9nyt"},"content":{"rendered":"\n<p>Eml\u00e9kszem amikor kik\u00f6lt\u00f6zt\u00fcnk az egyik k\u00e9rd\u00e9st amit egy p\u00e1rszor feltettek nek\u00fcnk, hogy, hogy b\u00edrjuk t\u00e9len a hideget, meg a s\u00f6t\u00e9ts\u00e9get. Szerencs\u00e9re az\u00e9rt nem a sarkk\u00f6r\u00f6n t\u00fal lakunk, ahol november v\u00e9g\u00e9t\u0151l janu\u00e1r v\u00e9g\u00e9ig t\u00e9nyleg \u00e9jjel-nappal s\u00f6t\u00e9t van. De az\u00e9rt az elej\u00e9n t\u00e9nyleg furcsa volt, amikor decembert\u0151l reggel 8.30-kor m\u00e9g \u00e9jszakai s\u00f6t\u00e9ts\u00e9g van. Ilyenkor reggel kb 9-kor kezd el vil\u00e1gosodni \u00e9s d\u00e9lut\u00e1n 3-kor m\u00e1r ism\u00e9t kezd s\u00f6t\u00e9tedni. Ilyenkor \u00f6r\u00fcl\u00f6k a h\u00f3nak, meg a kar\u00e1csonyi f\u00e9nyeknek, amiket febru\u00e1rig kint hagynak a h\u00e1zakon. Igaz\u00e1b\u00f3l nem is az zavar, hogy d\u00e9lut\u00e1n hamar s\u00f6t\u00e9tedik, hanem, hogy reggel van sok\u00e1ig s\u00f6t\u00e9t. Oooolyan neh\u00e9\u00e9\u00e9\u00e9\u00e9z olyankor kikelni az \u00e1gyb\u00f3l, f\u0151leg a h\u00e9tk\u00f6znapokon. Azt \u00e9rzem, hogy m\u00e9g \u00e9jszaka van, aludjunk tov\u00e1bb. De \u00f6sszess\u00e9g\u00e9ben szerintem kib\u00edrhat\u00f3, hogy r\u00f6videbbek a nappalok. Persze most nagy a sz\u00e1m, mert most m\u00e9g csak november\u00a0 van, annyira m\u00e9g nem durva a helyzet. Hehehe&#8230; <\/p>\n\n\n\n<p>Az id\u0151 is nagyon sz\u00e9p mostan\u00e1ban, j\u00f3kat lehet kir\u00e1ndulni a k\u00f6zeli erd\u0151ben, de m\u00e1r v\u00e1rom a havat nagyon. Tavaly a fel\u00faj\u00edt\u00e1s miatt nem igaz\u00e1n volt id\u0151nk s\u00edelni vagy s\u00edfutni.\u00a0<\/p>\n\n\n\n<p>Sz\u00f3val a hideggel nincs gondunk, jobban b\u00edrjuk, mint a k\u00e1nikul\u00e1t. Azzal meg \u00fagysem tudunk mit kezdeni, hogy hamar s\u00f6t\u00e9tedik. Pr\u00f3b\u00e1lunk magunknak programokat szervezni, azt\u00e1n febru\u00e1rt\u00f3l m\u00e1r hosszabbodnak a nappalok, \u00e9s m\u00e1rciust\u00f3l visszakapjuk a f\u00e9nyt, \u00e9s eg\u00e9szen okt\u00f3berig k\u00e1rp\u00f3tol minket a t\u00e9li r\u00f6videbb id\u0151szak\u00e9rt.\u00a0<\/p>\n\n\n\n<figure class=\"wp-block-gallery has-nested-images columns-default is-cropped wp-block-gallery-1 is-layout-flex wp-block-gallery-is-layout-flex\">\n<figure class=\"wp-block-image size-large\"><img loading=\"lazy\" decoding=\"async\" width=\"1024\" height=\"768\" data-id=\"479\" src=\"https:\/\/hellonorvegia.devengo.hu\/wp-content\/uploads\/2024\/11\/feny-1024x768.jpg\" alt=\"\" class=\"wp-image-479\" srcset=\"https:\/\/hellonorvegia.devengo.hu\/wp-content\/uploads\/2024\/11\/feny-1024x768.jpg 1024w, https:\/\/hellonorvegia.devengo.hu\/wp-content\/uploads\/2024\/11\/feny-300x225.jpg 300w, https:\/\/hellonorvegia.devengo.hu\/wp-content\/uploads\/2024\/11\/feny-768x576.jpg 768w, https:\/\/hellonorvegia.devengo.hu\/wp-content\/uploads\/2024\/11\/feny-1536x1152.jpg 1536w, https:\/\/hellonorvegia.devengo.hu\/wp-content\/uploads\/2024\/11\/feny-2048x1536.jpg 2048w\" sizes=\"auto, (max-width: 1024px) 100vw, 1024px\" \/><\/figure>\n<\/figure>\n","protected":false},"excerpt":{"rendered":"<p>Eml\u00e9kszem amikor kik\u00f6lt\u00f6zt\u00fcnk az egyik k\u00e9rd\u00e9st amit egy p\u00e1rszor feltettek nek\u00fcnk, hogy, hogy b\u00edrjuk t\u00e9len a hideget, meg a s\u00f6t\u00e9ts\u00e9get. Szerencs\u00e9re az\u00e9rt nem a sarkk\u00f6r\u00f6n t\u00fal lakunk, ahol november v\u00e9g\u00e9t\u0151l janu\u00e1r v\u00e9g\u00e9ig t\u00e9nyleg \u00e9jjel-nappal s\u00f6t\u00e9t van. De az\u00e9rt az elej\u00e9n t\u00e9nyleg furcsa volt, amikor decembert\u0151l reggel 8.30-kor m\u00e9g \u00e9jszakai s\u00f6t\u00e9ts\u00e9g van. Ilyenkor reggel kb 9-kor [&hellip;]<\/p>\n","protected":false},"author":2,"featured_media":0,"comment_status":"open","ping_status":"open","sticky":false,"template":"","format":"standard","meta":{"footnotes":""},"categories":[1],"tags":[],"class_list":["post-478","post","type-post","status-publish","format-standard","hentry","category-uncategorized"],"_links":{"self":[{"href":"https:\/\/hellonorvegia.devengo.hu\/index.php?rest_route=\/wp\/v2\/posts\/478","targetHints":{"allow":["GET"]}}],"collection":[{"href":"https:\/\/hellonorvegia.devengo.hu\/index.php?rest_route=\/wp\/v2\/posts"}],"about":[{"href":"https:\/\/hellonorvegia.devengo.hu\/index.php?rest_route=\/wp\/v2\/types\/post"}],"author":[{"embeddable":true,"href":"https:\/\/hellonorvegia.devengo.hu\/index.php?rest_route=\/wp\/v2\/users\/2"}],"replies":[{"embeddable":true,"href":"https:\/\/hellonorvegia.devengo.hu\/index.php?rest_route=%2Fwp%2Fv2%2Fcomments&post=478"}],"version-history":[{"count":1,"href":"https:\/\/hellonorvegia.devengo.hu\/index.php?rest_route=\/wp\/v2\/posts\/478\/revisions"}],"predecessor-version":[{"id":480,"href":"https:\/\/hellonorvegia.devengo.hu\/index.php?rest_route=\/wp\/v2\/posts\/478\/revisions\/480"}],"wp:attachment":[{"href":"https:\/\/hellonorvegia.devengo.hu\/index.php?rest_route=%2Fwp%2Fv2%2Fmedia&parent=478"}],"wp:term":[{"taxonomy":"category","embeddable":true,"href":"https:\/\/hellonorvegia.devengo.hu\/index.php?rest_route=%2Fwp%2Fv2%2Fcategories&post=478"},{"taxonomy":"post_tag","embeddable":true,"href":"https:\/\/hellonorvegia.devengo.hu\/index.php?rest_route=%2Fwp%2Fv2%2Ftags&post=478"}],"curies":[{"name":"wp","href":"https:\/\/api.w.org\/{rel}","templated":true}]}}