{"id":482,"date":"2025-01-06T14:39:03","date_gmt":"2025-01-06T13:39:03","guid":{"rendered":"https:\/\/hellonorvegia.devengo.hu\/?p=482"},"modified":"2025-01-06T14:39:04","modified_gmt":"2025-01-06T13:39:04","slug":"buek-vagyis-behavazott-uj-evet-kezdtunk","status":"publish","type":"post","link":"https:\/\/hellonorvegia.devengo.hu\/?p=482","title":{"rendered":"BU\u00c9K (vagyis Behavazott \u00daj \u00c9vet Kezdt\u00fcnk)"},"content":{"rendered":"\n<p>A kar\u00e1csonyi hazautaz\u00e1s mint mindig most is nagyon gyorsan telt el. Alig k\u00e9t hetet voltunk otthon, ebbe kellett minden beles\u0171r\u00edteni, \u00e9s a legjobbat kihozni bel\u0151le. Szerencs\u00e9re ism\u00e9t volt arra id\u0151nk, hogy egy kis id\u0151t egy\u00fctt t\u00f6lts\u00fcnk a csal\u00e1ddal, \u00e9s persze nem maradhatott el a k\u00f6z\u00f6s kar\u00e1csonyoz\u00e1s \u00e9s Szilveszterez\u00e9s a haverokkal. Id\u00e9n el\u0151sz\u00f6r az\u00e9rt egy kicsit m\u00e1s volt az \u00daj \u00c9vet \u00fcnnepelni. Panka m\u00e1r hamarabb 30-\u00e1n haza rep\u00fclt, hogy egy\u00fctt bulizhasson a haverjaival itt Norv\u00e9gi\u00e1ban. Eml\u00e9kszem, amikor kital\u00e1ltuk, hogy most m\u00e1r mindenki hozza mag\u00e1val a gyerek\u00e9t a szilveszteri buliba, \u00e9s most m\u00e1r ott tartunk, hogy a gyerekek,ahogy n\u0151nek elkezdtek elmaradni, \u00e9s most m\u00e1r \u0151k is a saj\u00e1t haveri t\u00e1rsas\u00e1ggal \u00fcnnepelnek. Ez persze \u00edgy van rendj\u00e9n, de az\u00e9rt hi\u00e1nyoznak.&nbsp;<\/p>\n\n\n\n<p>Janu\u00e1r 2-\u00e1n rep\u00fclt\u00fcnk haza, \u00e9s 6 \u00e9v ut\u00e1n el\u0151sz\u00f6r t\u00f6rt\u00e9nt meg vel\u00fcnk, hogy itteni magyar haverokkal futottunk \u00f6ssze a rept\u00e9ren, \u00e9s egy g\u00e9ppel rep\u00fclt\u00fcnk. Azt\u00e1n lesz\u00e1lltunk a -10 fokban, majd miut\u00e1n eljutottunk a parkol\u00f3ba vakarhattuk le a jeget az aut\u00f3r\u00f3l. H\u00f3 nem sok volt rajta, de gy\u00f6ny\u00f6r\u0171 j\u00e9gp\u00e1nc\u00e9l bor\u00edtotta. Az\u00f3ta h\u00e9tv\u00e9g\u00e9n volt m\u00e1r -15 fok is, de a tavalyi m\u00ednusz rekordot m\u00e9g nem d\u00f6nt\u00f6tt\u00fck meg.&nbsp; Most \u00e9ppen 1 napja narancss\u00e1rga riaszt\u00e1s van, mert 30-50 cm-es h\u00f3 v\u00e1rhat\u00f3 az elk\u00f6vetkezend\u0151 k\u00e9t napban. Itt most m\u00e1r nagyon t\u00e9l van, \u00e9s \u00e9n m\u00e1r nagyon v\u00e1rtam a havat, <em>(kiv\u00e9ve, ha majd vezetnem kell<\/em>)&nbsp; mert a k\u00f6zelben van egy s\u00edfut\u00f3 p\u00e1lya, amit m\u00e1r tavaly kin\u00e9zt\u00fcnk magunknak a Jan\u00e1val, hogy kimegy\u00fcnk edzeni.&nbsp;<\/p>\n\n\n\n<figure class=\"wp-block-gallery has-nested-images columns-default is-cropped wp-block-gallery-1 is-layout-flex wp-block-gallery-is-layout-flex\">\n<figure class=\"wp-block-image size-large\"><img loading=\"lazy\" decoding=\"async\" width=\"1024\" height=\"1024\" data-id=\"483\" src=\"https:\/\/hellonorvegia.devengo.hu\/wp-content\/uploads\/2025\/01\/IMG_1440-1024x1024.jpeg\" alt=\"\" class=\"wp-image-483\" srcset=\"https:\/\/hellonorvegia.devengo.hu\/wp-content\/uploads\/2025\/01\/IMG_1440-1024x1024.jpeg 1024w, https:\/\/hellonorvegia.devengo.hu\/wp-content\/uploads\/2025\/01\/IMG_1440-300x300.jpeg 300w, https:\/\/hellonorvegia.devengo.hu\/wp-content\/uploads\/2025\/01\/IMG_1440-150x150.jpeg 150w, https:\/\/hellonorvegia.devengo.hu\/wp-content\/uploads\/2025\/01\/IMG_1440-768x768.jpeg 768w, https:\/\/hellonorvegia.devengo.hu\/wp-content\/uploads\/2025\/01\/IMG_1440-1536x1536.jpeg 1536w, https:\/\/hellonorvegia.devengo.hu\/wp-content\/uploads\/2025\/01\/IMG_1440.jpeg 1920w\" sizes=\"auto, (max-width: 1024px) 100vw, 1024px\" \/><\/figure>\n<\/figure>\n","protected":false},"excerpt":{"rendered":"<p>A kar\u00e1csonyi hazautaz\u00e1s mint mindig most is nagyon gyorsan telt el. Alig k\u00e9t hetet voltunk otthon, ebbe kellett minden beles\u0171r\u00edteni, \u00e9s a legjobbat kihozni bel\u0151le. Szerencs\u00e9re ism\u00e9t volt arra id\u0151nk, hogy egy kis id\u0151t egy\u00fctt t\u00f6lts\u00fcnk a csal\u00e1ddal, \u00e9s persze nem maradhatott el a k\u00f6z\u00f6s kar\u00e1csonyoz\u00e1s \u00e9s Szilveszterez\u00e9s a haverokkal. Id\u00e9n el\u0151sz\u00f6r az\u00e9rt egy kicsit [&hellip;]<\/p>\n","protected":false},"author":2,"featured_media":0,"comment_status":"open","ping_status":"open","sticky":false,"template":"","format":"standard","meta":{"footnotes":""},"categories":[1],"tags":[],"class_list":["post-482","post","type-post","status-publish","format-standard","hentry","category-uncategorized"],"_links":{"self":[{"href":"https:\/\/hellonorvegia.devengo.hu\/index.php?rest_route=\/wp\/v2\/posts\/482","targetHints":{"allow":["GET"]}}],"collection":[{"href":"https:\/\/hellonorvegia.devengo.hu\/index.php?rest_route=\/wp\/v2\/posts"}],"about":[{"href":"https:\/\/hellonorvegia.devengo.hu\/index.php?rest_route=\/wp\/v2\/types\/post"}],"author":[{"embeddable":true,"href":"https:\/\/hellonorvegia.devengo.hu\/index.php?rest_route=\/wp\/v2\/users\/2"}],"replies":[{"embeddable":true,"href":"https:\/\/hellonorvegia.devengo.hu\/index.php?rest_route=%2Fwp%2Fv2%2Fcomments&post=482"}],"version-history":[{"count":1,"href":"https:\/\/hellonorvegia.devengo.hu\/index.php?rest_route=\/wp\/v2\/posts\/482\/revisions"}],"predecessor-version":[{"id":484,"href":"https:\/\/hellonorvegia.devengo.hu\/index.php?rest_route=\/wp\/v2\/posts\/482\/revisions\/484"}],"wp:attachment":[{"href":"https:\/\/hellonorvegia.devengo.hu\/index.php?rest_route=%2Fwp%2Fv2%2Fmedia&parent=482"}],"wp:term":[{"taxonomy":"category","embeddable":true,"href":"https:\/\/hellonorvegia.devengo.hu\/index.php?rest_route=%2Fwp%2Fv2%2Fcategories&post=482"},{"taxonomy":"post_tag","embeddable":true,"href":"https:\/\/hellonorvegia.devengo.hu\/index.php?rest_route=%2Fwp%2Fv2%2Ftags&post=482"}],"curies":[{"name":"wp","href":"https:\/\/api.w.org\/{rel}","templated":true}]}}