{"id":488,"date":"2025-04-12T19:22:37","date_gmt":"2025-04-12T17:22:37","guid":{"rendered":"https:\/\/hellonorvegia.devengo.hu\/?p=488"},"modified":"2025-04-12T19:22:37","modified_gmt":"2025-04-12T17:22:37","slug":"hogyan-is-lettunk-norveg-allampolgarok","status":"publish","type":"post","link":"https:\/\/hellonorvegia.devengo.hu\/?p=488","title":{"rendered":"Hogyan is lett\u00fcnk norv\u00e9g \u00e1llampolg\u00e1rok"},"content":{"rendered":"\n<p>6,5 f\u00e9l \u00e9ve, amikor kik\u00f6lt\u00f6zt\u00fcnk nem tervezt\u00fcnk igaz\u00e1n semmit, hogy meddig maradunk. Csak megragadtuk ezt a lehet\u0151s\u00e9get, \u00e9s azt mondtuk megl\u00e1tjuk milyen lesz \u00e9s, hogy b\u00edrj\u00e1k majd a gyerekek. Arr\u00f3l m\u00e1r \u00edrtam kor\u00e1bban, hogy az\u00e9rt nem egy f\u00e1kly\u00e1s menet, amikor egy idegen orsz\u00e1gban ism\u00e9t mindent fel kell \u00e9p\u00edtened. De m\u00e1r akkor is \u00fagy gondoltam, hogy csak pozit\u00edv hat\u00e1ssal lehet mindenkire, ha egy kis id\u0151re kir\u00e1ngatjuk magunkat a komfortz\u00f3n\u00e1nkb\u00f3l. Azt\u00e1n, ahogy telt az id\u0151 minden \u00e9vre \u00faj c\u00e9lkit\u0171z\u00e9seink voltak. Beilleszked\u00e9s, nyelvtanul\u00e1s, ingatlanv\u00e1s\u00e1rl\u00e1s, \u00e1llampolg\u00e1rs\u00e1g. Id\u00e9n janu\u00e1rban siker\u00fclt az utols\u00f3t is kipip\u00e1lni a list\u00e1nkr\u00f3l. Persze el\u0151sz\u00f6r kellett az is, hogy megfelelj\u00fcnk a k\u00f6vetelm\u00e9nyeknek:<\/p>\n\n\n\n<ul class=\"wp-block-list\">\n<li>min 6 \u00e9ve itt lakjunk, \u00e9s megfelel\u0151 j\u00f6vedelemmel rendelkez\u00fcnk<\/li>\n\n\n\n<li>min B1- es nyelvvizsga, plusz vizsga t\u00e1rsadalomismeretb\u0151l (norv\u00e9g t\u00f6rt\u00e9nelem, kult\u00fara)\u00a0<\/li>\n\n\n\n<li>a gyerekeknek az iskol\u00e1t\u00f3l kellett igazol\u00e1st k\u00e9rni\u00fck, amelyben l\u00e1tszik, hogy norv\u00e9gb\u00f3l \u00e9s t\u00e1rsadalomismeretb\u0151l minimum kettest kaptak<\/li>\n\n\n\n<li>18 \u00e9v felettieknek be kellett fizetni fejenk\u00e9nt 6500 koron\u00e1t a k\u00e9rv\u00e9ny bead\u00e1sakor<\/li>\n<\/ul>\n\n\n\n<p>El\u0151tte egy \u00e9vvel megk\u00e9rt\u00fck az \u00e1lland\u00f3 tart\u00f3zkod\u00e1sit, mert valahol azt olvastam, hogy ez felgyors\u00edtja a folyamatot, \u00e9s igazam lett. Okt\u00f3berben online beadtuk a k\u00e9rv\u00e9nyt, azt\u00e1n december k\u00f6zep\u00e9re kaptunk id\u0151pontot a bev\u00e1ndorl\u00e1si hivataln\u00e1l. 3 h\u00e9ttel k\u00e9s\u0151bb \u00e9pp a k\u00e1dban \u00fcltem edz\u00e9s ut\u00e1n, amikor a Panka egyszer csak beszaladt hozz\u00e1m, \u00e9s kiab\u00e1lta, hogy megkaptam. El\u0151sz\u00f6r azt sem tudtam hol vagyok, \u00e9s mit kapott meg. Azt\u00e1n mutatta a levelet, amit digit\u00e1lisan k\u00fcldtek meg neki, hogy \u201c\u00dcdv\u00f6zlik, mint norv\u00e9g \u00e1llampolg\u00e1rt!\u201d. Rajtam k\u00edv\u00fcl aznap mindenki megkapta csal\u00e1dban az \u00e1llampolg\u00e1rs\u00e1got. Ne k\u00e9rdezz\u00e9tek, hogy mi\u00e9rt de nekem m\u00e9g v\u00e1rnom kellett plusz k\u00e9t hetet mire engem is \u00e9rtes\u00edtettek. \u00cdgy most m\u00e1r kett\u0151s \u00e1llampolg\u00e1rok vagyunk, \u00e9s&nbsp; akkor ez c\u00e9lkit\u0171z\u00e9s\u00fcnk is pipa. Hurr\u00e1! \ud83d\ude42&nbsp;<\/p>\n\n\n\n<figure class=\"wp-block-gallery has-nested-images columns-default is-cropped wp-block-gallery-1 is-layout-flex wp-block-gallery-is-layout-flex\">\n<figure class=\"wp-block-image size-large\"><img loading=\"lazy\" decoding=\"async\" width=\"885\" height=\"1024\" data-id=\"489\" src=\"https:\/\/hellonorvegia.devengo.hu\/wp-content\/uploads\/2025\/04\/statsborger-885x1024.jpg\" alt=\"\" class=\"wp-image-489\" srcset=\"https:\/\/hellonorvegia.devengo.hu\/wp-content\/uploads\/2025\/04\/statsborger-885x1024.jpg 885w, https:\/\/hellonorvegia.devengo.hu\/wp-content\/uploads\/2025\/04\/statsborger-259x300.jpg 259w, https:\/\/hellonorvegia.devengo.hu\/wp-content\/uploads\/2025\/04\/statsborger-768x888.jpg 768w, https:\/\/hellonorvegia.devengo.hu\/wp-content\/uploads\/2025\/04\/statsborger-1328x1536.jpg 1328w, https:\/\/hellonorvegia.devengo.hu\/wp-content\/uploads\/2025\/04\/statsborger-1771x2048.jpg 1771w\" sizes=\"auto, (max-width: 885px) 100vw, 885px\" \/><\/figure>\n<\/figure>\n","protected":false},"excerpt":{"rendered":"<p>6,5 f\u00e9l \u00e9ve, amikor kik\u00f6lt\u00f6zt\u00fcnk nem tervezt\u00fcnk igaz\u00e1n semmit, hogy meddig maradunk. Csak megragadtuk ezt a lehet\u0151s\u00e9get, \u00e9s azt mondtuk megl\u00e1tjuk milyen lesz \u00e9s, hogy b\u00edrj\u00e1k majd a gyerekek. Arr\u00f3l m\u00e1r \u00edrtam kor\u00e1bban, hogy az\u00e9rt nem egy f\u00e1kly\u00e1s menet, amikor egy idegen orsz\u00e1gban ism\u00e9t mindent fel kell \u00e9p\u00edtened. De m\u00e1r akkor is \u00fagy gondoltam, hogy [&hellip;]<\/p>\n","protected":false},"author":2,"featured_media":0,"comment_status":"open","ping_status":"open","sticky":false,"template":"","format":"standard","meta":{"footnotes":""},"categories":[1],"tags":[],"class_list":["post-488","post","type-post","status-publish","format-standard","hentry","category-uncategorized"],"_links":{"self":[{"href":"https:\/\/hellonorvegia.devengo.hu\/index.php?rest_route=\/wp\/v2\/posts\/488","targetHints":{"allow":["GET"]}}],"collection":[{"href":"https:\/\/hellonorvegia.devengo.hu\/index.php?rest_route=\/wp\/v2\/posts"}],"about":[{"href":"https:\/\/hellonorvegia.devengo.hu\/index.php?rest_route=\/wp\/v2\/types\/post"}],"author":[{"embeddable":true,"href":"https:\/\/hellonorvegia.devengo.hu\/index.php?rest_route=\/wp\/v2\/users\/2"}],"replies":[{"embeddable":true,"href":"https:\/\/hellonorvegia.devengo.hu\/index.php?rest_route=%2Fwp%2Fv2%2Fcomments&post=488"}],"version-history":[{"count":1,"href":"https:\/\/hellonorvegia.devengo.hu\/index.php?rest_route=\/wp\/v2\/posts\/488\/revisions"}],"predecessor-version":[{"id":490,"href":"https:\/\/hellonorvegia.devengo.hu\/index.php?rest_route=\/wp\/v2\/posts\/488\/revisions\/490"}],"wp:attachment":[{"href":"https:\/\/hellonorvegia.devengo.hu\/index.php?rest_route=%2Fwp%2Fv2%2Fmedia&parent=488"}],"wp:term":[{"taxonomy":"category","embeddable":true,"href":"https:\/\/hellonorvegia.devengo.hu\/index.php?rest_route=%2Fwp%2Fv2%2Fcategories&post=488"},{"taxonomy":"post_tag","embeddable":true,"href":"https:\/\/hellonorvegia.devengo.hu\/index.php?rest_route=%2Fwp%2Fv2%2Ftags&post=488"}],"curies":[{"name":"wp","href":"https:\/\/api.w.org\/{rel}","templated":true}]}}