{"id":49,"date":"2018-10-21T20:34:15","date_gmt":"2018-10-21T18:34:15","guid":{"rendered":"https:\/\/hellonorvegia.devengo.hu\/?p=49"},"modified":"2018-10-21T20:34:15","modified_gmt":"2018-10-21T18:34:15","slug":"egy-iskola-norvegiaban","status":"publish","type":"post","link":"https:\/\/hellonorvegia.devengo.hu\/?p=49","title":{"rendered":"Egy iskola Norv\u00e9gi\u00e1ban"},"content":{"rendered":"<p><span style=\"font-weight: 400;\">K\u00e9t hete m\u00e1r, hogy a gyerekek \u00faj k\u00f6z\u00f6ss\u00e9gbe ker\u00fcltek. Am\u00edg nem besz\u00e9lik a norv\u00e9g nyelvet, addig egy speci\u00e1lis suliba j\u00e1rnak, ahol intenz\u00edven tanulj\u00e1k a norv\u00e9got, illetve mellette m\u00e9g van matek \u00e9s f\u00f6ldrajz \u00f3r\u00e1juk. Ez azt jelenti, hogy egy igazi sokszin\u0171 oszt\u00e1lyba j\u00e1rnak, \u00e9s ezt lehet sz\u00f3 szerint \u00e9rteni. \ud83d\ude42 Panka mes\u00e9lte, hogy els\u0151 nap a bemutatkoz\u00e1st \u00fagy kezdt\u00e9k, hogy megmutatt\u00e1k a gyerekeknek, hogy honnan j\u00f6tt\u00fcnk. Els\u0151 f\u00fclre tal\u00e1n szokatlannak t\u0171nhet, hogy nem csak sim\u00e1n azt mondt\u00e1k Magyarorsz\u00e1g, hanem a f\u00f6ldg\u00f6mb\u00f6n mutatt\u00e1k, hogy <\/span><i><span style=\"font-weight: 400;\">Eur\u00f3p\u00e1b\u00f3l, K\u00f6z\u00e9p-Eur\u00f3p\u00e1b\u00f3l \u00e9s Magyarorsz\u00e1gr\u00f3l <\/span><\/i><span style=\"font-weight: 400;\">j\u00f6tt\u00fcnk.<\/span><\/p>\n<p><span style=\"font-weight: 400;\">Azt\u00e1n amikor Panka elmes\u00e9lte, hogy a 14 f\u0151s oszt\u00e1lyban 4 feh\u00e9rek, akkor m\u00e1r mindent \u00e9rtettem. Vannak oszt\u00e1lyt\u00e1rsai Szom\u00e1li\u00e1b\u00f3l, Irakb\u00f3l, F\u00fcl\u00f6p-Szigetekr\u0151l, Lengyelorsz\u00e1gb\u00f3l. Norm\u00f3n\u00e1l m\u00e9g nem igaz\u00e1n tudom, hogy milyen nemzetis\u00e9g\u0171 gyerekek vannak, mert \u00fagy t\u0171nik, hogy \u0151 sem tudja. \ud83d\ude42<\/span><\/p>\n<p><span style=\"font-weight: 400;\">Amint megtanult\u00e1k a norv\u00e9g nyelvet &#8211; a tan\u00e1rok szerint 1 \u00e9v alatt &#8211; mennek is \u00e1t a rendes \u00c1llami Norv\u00e9g iskol\u00e1ba. \u00a0Addig is h\u00e9tf\u0151t\u0151l cs\u00fct\u00f6rt\u00f6kig 8.20-t\u00f3l 13.20-ig suliban vannak, p\u00e9nteken 12.30-ig. Szerd\u00e1nk\u00e9nt mindig kir\u00e1ndulnak a k\u00f6rny\u00e9ken. Kaptak a sulit\u00f3l iPad-et, azon is szoktak feladatokat v\u00e9gezni, illetve h\u00e1zit \u00edrni. \u00a0Egyenl\u0151re az iskol\u00e1ban n\u00e9met\u00fcl, \u00e9s angolul pr\u00f3b\u00e1lj\u00e1k meg\u00e9rtetni magukat, am\u00edg nem tudnak norv\u00e9gul.<\/span><\/p>\n<p><img loading=\"lazy\" decoding=\"async\" class=\"alignnone  wp-image-50\" src=\"https:\/\/hellonorvegia.devengo.hu\/wp-content\/uploads\/2018\/10\/received_492442174587647.jpeg\" alt=\"\" width=\"268\" height=\"358\" \/><\/p>\n<p>&nbsp;<\/p>\n","protected":false},"excerpt":{"rendered":"<p>K\u00e9t hete m\u00e1r, hogy a gyerekek \u00faj k\u00f6z\u00f6ss\u00e9gbe ker\u00fcltek. Am\u00edg nem besz\u00e9lik a norv\u00e9g nyelvet, addig egy speci\u00e1lis suliba j\u00e1rnak, ahol intenz\u00edven tanulj\u00e1k a norv\u00e9got, illetve mellette m\u00e9g van matek \u00e9s f\u00f6ldrajz \u00f3r\u00e1juk. Ez azt jelenti, hogy egy igazi sokszin\u0171 oszt\u00e1lyba j\u00e1rnak, \u00e9s ezt lehet sz\u00f3 szerint \u00e9rteni. \ud83d\ude42 Panka mes\u00e9lte, hogy els\u0151 nap a [&hellip;]<\/p>\n","protected":false},"author":2,"featured_media":0,"comment_status":"open","ping_status":"open","sticky":false,"template":"","format":"standard","meta":{"footnotes":""},"categories":[1],"tags":[],"class_list":["post-49","post","type-post","status-publish","format-standard","hentry","category-uncategorized"],"_links":{"self":[{"href":"https:\/\/hellonorvegia.devengo.hu\/index.php?rest_route=\/wp\/v2\/posts\/49","targetHints":{"allow":["GET"]}}],"collection":[{"href":"https:\/\/hellonorvegia.devengo.hu\/index.php?rest_route=\/wp\/v2\/posts"}],"about":[{"href":"https:\/\/hellonorvegia.devengo.hu\/index.php?rest_route=\/wp\/v2\/types\/post"}],"author":[{"embeddable":true,"href":"https:\/\/hellonorvegia.devengo.hu\/index.php?rest_route=\/wp\/v2\/users\/2"}],"replies":[{"embeddable":true,"href":"https:\/\/hellonorvegia.devengo.hu\/index.php?rest_route=%2Fwp%2Fv2%2Fcomments&post=49"}],"version-history":[{"count":1,"href":"https:\/\/hellonorvegia.devengo.hu\/index.php?rest_route=\/wp\/v2\/posts\/49\/revisions"}],"predecessor-version":[{"id":51,"href":"https:\/\/hellonorvegia.devengo.hu\/index.php?rest_route=\/wp\/v2\/posts\/49\/revisions\/51"}],"wp:attachment":[{"href":"https:\/\/hellonorvegia.devengo.hu\/index.php?rest_route=%2Fwp%2Fv2%2Fmedia&parent=49"}],"wp:term":[{"taxonomy":"category","embeddable":true,"href":"https:\/\/hellonorvegia.devengo.hu\/index.php?rest_route=%2Fwp%2Fv2%2Fcategories&post=49"},{"taxonomy":"post_tag","embeddable":true,"href":"https:\/\/hellonorvegia.devengo.hu\/index.php?rest_route=%2Fwp%2Fv2%2Ftags&post=49"}],"curies":[{"name":"wp","href":"https:\/\/api.w.org\/{rel}","templated":true}]}}