{"id":497,"date":"2025-09-25T15:11:18","date_gmt":"2025-09-25T13:11:18","guid":{"rendered":"https:\/\/hellonorvegia.devengo.hu\/?p=497"},"modified":"2025-09-25T15:11:18","modified_gmt":"2025-09-25T13:11:18","slug":"voltunk-nyaralni","status":"publish","type":"post","link":"https:\/\/hellonorvegia.devengo.hu\/?p=497","title":{"rendered":"Voltunk nyaralni?"},"content":{"rendered":"\n<p>Minden \u00e9vben csak ism\u00e9telni tudn\u00e1m \u00f6nmagam, hogy milyen hamar eltelt ez a p\u00e1r h\u00e9t, am\u00edg otthon voltunk, pedig indul\u00e1s el\u0151tt mennyi terv\u00fcnk volt, hogy mi mindent csin\u00e1lunk. De legal\u00e1bb, ami a list\u00e1nkon volt, hogy miket is kell rendbe tenni (bokrokat megny\u00edrni, Norm\u00f3 szob\u00e1j\u00e1t kifesteni, red\u0151nyt megjav\u00edtani stb) nagyr\u00e9szt ki tudtuk pip\u00e1lni.&nbsp;<\/p>\n\n\n\n<p>Szerencs\u00e9re ebben a kis id\u0151ben, amit tudtunk kimaxoltunk, \u00e9s pr\u00f3b\u00e1ltunk ism\u00e9t min\u00e9l t\u00f6bb id\u0151t a csal\u00e1dtagjainkkal \u00e9s a haverjainkkal lenni, hogy azt\u00e1n augusztusban ism\u00e9t felt\u00f6lt\u0151dve j\u00f6jj\u00fcnk haza.&nbsp;<\/p>\n\n\n\n<p>Az idei tan\u00e9v id\u00e9n m\u00e1r egy kicsit m\u00e1s volt. Az els\u0151 tan\u00edt\u00e1si napon, most m\u00e1r csak Norm\u00f3r\u00f3l k\u00e9sz\u00fclt a szok\u00e1sos k\u00e9p tan\u00e9v kezd\u00e9skor. Panka id\u00e9n befejezte a k\u00f6z\u00e9piskol\u00e1t \u00e9s siker\u00fclt annyi pontsz\u00e1mot \u00f6sszehoznia a jegyeib\u0151l, hogy felvett\u00e9k Bergenbe az orvosira. Egy darabig vacill\u00e1lt, hogy elkezdje vagy \u00e9vet halasszon, de v\u00e9g\u00fcl a halaszt\u00e1s mellett d\u00f6nt\u00f6tt, ahogy a haverjainak a nagy sz\u00e1zal\u00e9ka is. Tudja, hogy ha elkezdi az orvosit, akkor onnant\u00f3l kezdve nincs meg\u00e1ll\u00e1s, \u00e9s csak hajtani fogja mag\u00e1t. Legal\u00e1bb most van egy \u00e9ve, amikor dolgozik (\u00fasz\u00f3edz\u0151, \u00e9s b\u00edr\u00f3), jogsit csin\u00e1l, elj\u00e1r t\u00f6bbet edzeni, \u00e9s persze m\u00e1r tervezi, hogy hova fognak a haverjaival utazni. A skandin\u00e1vokn\u00e1l ez egy teljesen bevett szok\u00e1s, hogy k\u00f6z\u00e9piskola ut\u00e1n egy csom\u00f3an m\u00e9g nem kezdik el az egyetemet, hanem egy kicsit laz\u00edtanak. Legal\u00e1bb m\u00e9g egy kicsit vel\u00fcnk van, mert m\u00e1r most tudom, hogy j\u00f6v\u0151re nagyon fog hi\u00e1nyozni.<\/p>\n\n\n\n<p>Norm\u00f3 egy k\u00f6zeli k\u00f6z\u00e9piskol\u00e1ban kezdett, ahov\u00e1 m\u00e9g egy j\u00f3 p\u00e1r haverja jelentkezett, illetve volt olyan haverja, aki a tan\u00e9v elej\u00e9n ink\u00e1bb \u00e1tjelentkezett Norm\u00f3 sulij\u00e1ba. Id\u00e1ig m\u00e9g nem volt iskola undora, \u00e9s \u00e9lvezi, hogy a legt\u00f6bb napon a suli 8.50-kor kezd\u0151dik. Mellette pedig j\u00e1r falm\u00e1sz\u00e1sra \u00e9s edzeni. Most, hogy m\u00e1r nagyobbak a gyerekek, nem egyszer fordul el\u0151, hogy Jan\u00e1val egyszer csak kettesben maradunk egy-egy d\u00e9lut\u00e1nra vagy est\u00e9re, de az\u00e9rt amikor bedobtam nekik, hogy az \u0151szi sz\u00fcnetben ism\u00e9t fel kellene ugrani a hegyekben, arra az\u00e9rt mind a ketten vev\u0151k voltak.&nbsp;<\/p>\n\n\n\n<figure class=\"wp-block-image size-large\"><img loading=\"lazy\" decoding=\"async\" width=\"768\" height=\"1024\" src=\"https:\/\/hellonorvegia.devengo.hu\/wp-content\/uploads\/2025\/09\/IMG_3757-768x1024.jpg\" alt=\"\" class=\"wp-image-498\" srcset=\"https:\/\/hellonorvegia.devengo.hu\/wp-content\/uploads\/2025\/09\/IMG_3757-768x1024.jpg 768w, https:\/\/hellonorvegia.devengo.hu\/wp-content\/uploads\/2025\/09\/IMG_3757-225x300.jpg 225w, https:\/\/hellonorvegia.devengo.hu\/wp-content\/uploads\/2025\/09\/IMG_3757-1152x1536.jpg 1152w, https:\/\/hellonorvegia.devengo.hu\/wp-content\/uploads\/2025\/09\/IMG_3757-1536x2048.jpg 1536w, https:\/\/hellonorvegia.devengo.hu\/wp-content\/uploads\/2025\/09\/IMG_3757-scaled.jpg 1920w\" sizes=\"auto, (max-width: 768px) 100vw, 768px\" \/><\/figure>\n","protected":false},"excerpt":{"rendered":"<p>Minden \u00e9vben csak ism\u00e9telni tudn\u00e1m \u00f6nmagam, hogy milyen hamar eltelt ez a p\u00e1r h\u00e9t, am\u00edg otthon voltunk, pedig indul\u00e1s el\u0151tt mennyi terv\u00fcnk volt, hogy mi mindent csin\u00e1lunk. De legal\u00e1bb, ami a list\u00e1nkon volt, hogy miket is kell rendbe tenni (bokrokat megny\u00edrni, Norm\u00f3 szob\u00e1j\u00e1t kifesteni, red\u0151nyt megjav\u00edtani stb) nagyr\u00e9szt ki tudtuk pip\u00e1lni.&nbsp; Szerencs\u00e9re ebben a kis [&hellip;]<\/p>\n","protected":false},"author":2,"featured_media":0,"comment_status":"open","ping_status":"open","sticky":false,"template":"","format":"standard","meta":{"footnotes":""},"categories":[1],"tags":[],"class_list":["post-497","post","type-post","status-publish","format-standard","hentry","category-uncategorized"],"_links":{"self":[{"href":"https:\/\/hellonorvegia.devengo.hu\/index.php?rest_route=\/wp\/v2\/posts\/497","targetHints":{"allow":["GET"]}}],"collection":[{"href":"https:\/\/hellonorvegia.devengo.hu\/index.php?rest_route=\/wp\/v2\/posts"}],"about":[{"href":"https:\/\/hellonorvegia.devengo.hu\/index.php?rest_route=\/wp\/v2\/types\/post"}],"author":[{"embeddable":true,"href":"https:\/\/hellonorvegia.devengo.hu\/index.php?rest_route=\/wp\/v2\/users\/2"}],"replies":[{"embeddable":true,"href":"https:\/\/hellonorvegia.devengo.hu\/index.php?rest_route=%2Fwp%2Fv2%2Fcomments&post=497"}],"version-history":[{"count":1,"href":"https:\/\/hellonorvegia.devengo.hu\/index.php?rest_route=\/wp\/v2\/posts\/497\/revisions"}],"predecessor-version":[{"id":499,"href":"https:\/\/hellonorvegia.devengo.hu\/index.php?rest_route=\/wp\/v2\/posts\/497\/revisions\/499"}],"wp:attachment":[{"href":"https:\/\/hellonorvegia.devengo.hu\/index.php?rest_route=%2Fwp%2Fv2%2Fmedia&parent=497"}],"wp:term":[{"taxonomy":"category","embeddable":true,"href":"https:\/\/hellonorvegia.devengo.hu\/index.php?rest_route=%2Fwp%2Fv2%2Fcategories&post=497"},{"taxonomy":"post_tag","embeddable":true,"href":"https:\/\/hellonorvegia.devengo.hu\/index.php?rest_route=%2Fwp%2Fv2%2Ftags&post=497"}],"curies":[{"name":"wp","href":"https:\/\/api.w.org\/{rel}","templated":true}]}}