{"id":501,"date":"2026-01-08T15:03:11","date_gmt":"2026-01-08T14:03:11","guid":{"rendered":"https:\/\/hellonorvegia.devengo.hu\/?p=501"},"modified":"2026-01-08T15:03:11","modified_gmt":"2026-01-08T14:03:11","slug":"egyutt","status":"publish","type":"post","link":"https:\/\/hellonorvegia.devengo.hu\/?p=501","title":{"rendered":"Egy\u00fctt"},"content":{"rendered":"\n<p>Oda kell figyelnem, hogy gyakrabban \u00edrjak, nehogy a v\u00e9g\u00e9n \u00e9vente m\u00e1r csak k\u00e9t bejegyz\u00e9sem legyen. Persze \u00e9vk\u00f6zben t\u00f6bbsz\u00f6r is eszembe jut, hogy err\u0151l vagy arr\u00f3l kellene \u00edrnom, de valahogy mostan\u00e1ban a h\u00e9tk\u00f6znapok szaladnak, mi meg vel\u00fck.&nbsp;<\/p>\n\n\n\n<p>Azt\u00e1n kett\u0151t pislogok, \u00e9s m\u00e1r itt van december. Pr\u00f3b\u00e1lom a k\u00e9t orsz\u00e1g k\u00f6z\u00f6tt lekoordin\u00e1lni az aj\u00e1nd\u00e9k v\u00e1s\u00e1rl\u00e1st, hogy miket vigy\u00fcnk haza, azt\u00e1n, hogy mik\u00e9nt teljenek az \u00fcnnepek. Mikor, hol legy\u00fcnk az \u00fcnnepek alatt, mit f\u0151zzek, kikkel tudunk tal\u00e1lkozni, \u00e9s persze ezek k\u00f6z\u00f6tt m\u00e9g priorit\u00e1s, hogy beugorjak Anyuval Timihez, hogy csini legyen a hajunk. \ud83d\ude42<\/p>\n\n\n\n<p>Kor\u00e1bban az \u00fcnnepek el\u0151tt mindig p\u00f6rg\u0151sek voltak a napok, de mi\u00f3ta kint \u00e9l\u00fcnk, \u00e9s kevesebb mint 2 het\u00fcnk van mindenre, valahogy az \u00fcnnepek alatti nyugalom, vagy elcsendesed\u00e9s elker\u00fcl minket. Pedig id\u00e9n egy kicsit az \u00e9let is eml\u00e9keztette minket arra, hogy nem j\u00f3 ez az \u00f6r\u00f6k\u00f6s rohan\u00e1s. Dec 26-\u00e1n, \u00e9pp hazafel\u00e9 voltunk tes\u00f3m\u00e9kt\u00f3l, amikor Kisb\u00e9r el\u0151tt egy \u00f6ngyilkos jel\u00f6lt vaddiszn\u00f3 ugrott ki a semmib\u0151l, \u00e9s siker\u00fclt a kocsi jobb elej\u00e9vel elkapnunk. Csattan\u00e1s, f\u00e9kez\u00e9s, biztons\u00e1gi \u00f6v szor\u00edt\u00e1sa, azt\u00e1n meg\u00e1lltunk az \u00fat sz\u00e9l\u00e9n. K\u00f6rben\u00e9ztem, mindenki rendben volt, azt\u00e1n amikor sz\u00e1lltam volna ki a kocsib\u00f3l nem tudtam kinyitni az ajt\u00f3m. Akkor m\u00e1r gondoltam, hogy innen val\u00f3sz\u00edn\u0171leg nem lesz egyszer\u0171 haza jutni. Sz\u00f3ltunk a sz\u00fcl\u0151knek, \u00edrtam a haveroknak, hogy mi t\u00f6rt\u00e9nt vel\u00fcnk. Sorba j\u00f6ttek az \u00fczenetek, hogy j\u00f6jjenek-e \u00e9rt\u00fcnk, tudnak-e seg\u00edteni. V\u00e9g\u00fcl Tam\u00e1s int\u00e9zett nek\u00fcnk egy aut\u00f3ment\u0151t \u00e9s m\u00e9g \u00e9rt\u00fcnk is j\u00f6tt. Innen is ezer k\u00f6sz\u00f6net!&nbsp;<\/p>\n\n\n\n<p>Az ijedts\u00e9g ut\u00e1n h\u00e1l\u00e1s voltam, hogy ennyib\u0151l meg\u00fasztuk, hogy m\u00e1snap egy\u00fctt \u00fclt\u00fcnk otthon a kanap\u00e9n, n\u00e9zt\u00fck a kedvenc sorozatunkat, \u00e9s nem lett semmi bajunk.<\/p>\n\n\n\n<p>Azt nem mondom, hogy ennek hat\u00e1s\u00e1ra lelassultunk, de valahogy meg kell tanulnuk, hogy ne akarjunk mindent elint\u00e9zni, mindenhova eljutni, amikor otthon vagyunk. A l\u00e9nyeg, hogy janu\u00e1r 2-\u00e1n rendben vissza\u00e9rt\u00fcnk Norv\u00e9gi\u00e1ba, \u00e9s ut\u00e1na h\u00e9tv\u00e9g\u00e9n kipihent\u00fck az el\u0151z\u0151 hetek p\u00f6rg\u00e9s\u00e9t.&nbsp; De ilyenkor az otthoni tart\u00f3zkod\u00e1s ut\u00e1n egy kicsit jobban hi\u00e1nyoznak az otthoniak, nehezebb elv\u00e1lni a sz\u00fcl\u0151kt\u0151l, \u00e9s ez a hi\u00e1ny\u00e9rzet sosem fog elm\u00falni. De most m\u00e1r itt \u00e9l\u00fcnk, k\u00e9t haz\u00e1nk van, \u00e9s ez a kett\u0151ss\u00e9g mindig meg fog maradni.<\/p>\n\n\n\n<p>BU\u00c9K MINDENKINEK!&nbsp;<\/p>\n\n\n\n<figure class=\"wp-block-image size-large\"><img loading=\"lazy\" decoding=\"async\" width=\"1024\" height=\"768\" src=\"https:\/\/hellonorvegia.devengo.hu\/wp-content\/uploads\/2026\/01\/no-hu-1024x768.jpg\" alt=\"\" class=\"wp-image-502\" srcset=\"https:\/\/hellonorvegia.devengo.hu\/wp-content\/uploads\/2026\/01\/no-hu-1024x768.jpg 1024w, https:\/\/hellonorvegia.devengo.hu\/wp-content\/uploads\/2026\/01\/no-hu-300x225.jpg 300w, https:\/\/hellonorvegia.devengo.hu\/wp-content\/uploads\/2026\/01\/no-hu-768x576.jpg 768w, https:\/\/hellonorvegia.devengo.hu\/wp-content\/uploads\/2026\/01\/no-hu-1536x1152.jpg 1536w, https:\/\/hellonorvegia.devengo.hu\/wp-content\/uploads\/2026\/01\/no-hu.jpg 2046w\" sizes=\"auto, (max-width: 1024px) 100vw, 1024px\" \/><\/figure>\n","protected":false},"excerpt":{"rendered":"<p>Oda kell figyelnem, hogy gyakrabban \u00edrjak, nehogy a v\u00e9g\u00e9n \u00e9vente m\u00e1r csak k\u00e9t bejegyz\u00e9sem legyen. Persze \u00e9vk\u00f6zben t\u00f6bbsz\u00f6r is eszembe jut, hogy err\u0151l vagy arr\u00f3l kellene \u00edrnom, de valahogy mostan\u00e1ban a h\u00e9tk\u00f6znapok szaladnak, mi meg vel\u00fck.&nbsp; Azt\u00e1n kett\u0151t pislogok, \u00e9s m\u00e1r itt van december. Pr\u00f3b\u00e1lom a k\u00e9t orsz\u00e1g k\u00f6z\u00f6tt lekoordin\u00e1lni az aj\u00e1nd\u00e9k v\u00e1s\u00e1rl\u00e1st, hogy miket [&hellip;]<\/p>\n","protected":false},"author":2,"featured_media":0,"comment_status":"open","ping_status":"open","sticky":false,"template":"","format":"standard","meta":{"footnotes":""},"categories":[1],"tags":[],"class_list":["post-501","post","type-post","status-publish","format-standard","hentry","category-uncategorized"],"_links":{"self":[{"href":"https:\/\/hellonorvegia.devengo.hu\/index.php?rest_route=\/wp\/v2\/posts\/501","targetHints":{"allow":["GET"]}}],"collection":[{"href":"https:\/\/hellonorvegia.devengo.hu\/index.php?rest_route=\/wp\/v2\/posts"}],"about":[{"href":"https:\/\/hellonorvegia.devengo.hu\/index.php?rest_route=\/wp\/v2\/types\/post"}],"author":[{"embeddable":true,"href":"https:\/\/hellonorvegia.devengo.hu\/index.php?rest_route=\/wp\/v2\/users\/2"}],"replies":[{"embeddable":true,"href":"https:\/\/hellonorvegia.devengo.hu\/index.php?rest_route=%2Fwp%2Fv2%2Fcomments&post=501"}],"version-history":[{"count":1,"href":"https:\/\/hellonorvegia.devengo.hu\/index.php?rest_route=\/wp\/v2\/posts\/501\/revisions"}],"predecessor-version":[{"id":503,"href":"https:\/\/hellonorvegia.devengo.hu\/index.php?rest_route=\/wp\/v2\/posts\/501\/revisions\/503"}],"wp:attachment":[{"href":"https:\/\/hellonorvegia.devengo.hu\/index.php?rest_route=%2Fwp%2Fv2%2Fmedia&parent=501"}],"wp:term":[{"taxonomy":"category","embeddable":true,"href":"https:\/\/hellonorvegia.devengo.hu\/index.php?rest_route=%2Fwp%2Fv2%2Fcategories&post=501"},{"taxonomy":"post_tag","embeddable":true,"href":"https:\/\/hellonorvegia.devengo.hu\/index.php?rest_route=%2Fwp%2Fv2%2Ftags&post=501"}],"curies":[{"name":"wp","href":"https:\/\/api.w.org\/{rel}","templated":true}]}}