{"id":504,"date":"2026-01-28T14:36:54","date_gmt":"2026-01-28T13:36:54","guid":{"rendered":"https:\/\/hellonorvegia.devengo.hu\/?p=504"},"modified":"2026-01-28T14:37:34","modified_gmt":"2026-01-28T13:37:34","slug":"nehez-kerdesek","status":"publish","type":"post","link":"https:\/\/hellonorvegia.devengo.hu\/?p=504","title":{"rendered":"Neh\u00e9z k\u00e9rd\u00e9sek"},"content":{"rendered":"\n<p>Most olvastam egy bejegyz\u00e9st a facebookon egy Norv\u00e9gi\u00e1ban \u00e9l\u0151 magyart\u00f3l, aki arr\u00f3l \u00edrt, hogy milyen neh\u00e9z megv\u00e1laszolni, amikor azt a k\u00e9rd\u00e9st kapj\u00e1k, hogy mikor j\u00f6tt\u00f6k haza.&nbsp;<\/p>\n\n\n\n<p>Persze ez a k\u00e9rd\u00e9s minket is utol\u00e9rt m\u00e1r t\u00f6bbsz\u00f6r, vagy csak legyintve mondt\u00e1k, hogy Ti m\u00e1r biztosan nem j\u00f6tt\u00f6k haza. Pedig, t\u00f6bb mint 7 \u00e9ve nem \u00fagy indultunk el, hogy akkor mi most m\u00e1r v\u00e9gleg kint maradunk. De, ha m\u00e1r j\u00f6tt ez a lehet\u0151s\u00e9g mi\u00e9rt is nem \u00e9lj\u00fcnk vele. Azt\u00e1n teltek az \u00e9vek, \u00e9s egyre jobban hozz\u00e1 szoktunk az \u00faj \u00e9let\u00fcnkh\u00f6z. Ennek ellen\u00e9re minket is el\u00e9rtek a k\u00e9rd\u00e9sek, hogy \u201cDeh\u00e1t nem hi\u00e1nyoznak a haverok?\u201d , Most m\u00e1r biztosan nem j\u00f6tt\u00f6k haza?&nbsp; Ha majd nyugd\u00edjasok lesztek hazaj\u00f6tt\u00f6k? A gyerekeknek nem hi\u00e1nyzik Magyarorsz\u00e1g? stb\u201d. Ezeket t\u00e9nyleg neh\u00e9z megv\u00e1laszolni, mert mit is mondhatn\u00e9k?<\/p>\n\n\n\n<p>Azt, hogy most m\u00e1r k\u00e9t haz\u00e1nk van. Amikor otthon vagyunk egy id\u0151 ut\u00e1n az itthon hi\u00e1nyzik, de amikor itthon vagyunk, akkor rossz, hogy nem mindig lehet\u00fcnk otthon. Nem besz\u00e9lve arr\u00f3l, hogy ahogy id\u0151s\u00f6dnek a sz\u00fcl\u0151k f\u00e1j minden perc, amit nem t\u00f6lthet\u00fcnk egy\u00fctt. M\u00e9g akkor is, ha rendszeren besz\u00e9l\u00fcnk messengeren. A gyerekek pedig egy k\u00fcl\u00f6n t\u00e9ma. \u0150k itt lettek tin\u00e9dzserek, amikor lassan lev\u00e1lnak r\u00f3lunk \u00e9s a haverok m\u00e9g fontosabbak lesznek. Egy\u00e9rtelm\u0171, hogy melyik orsz\u00e1g fontosabb nekik, ha sz\u00fcrke h\u00e9tk\u00f6znapokr\u00f3l van sz\u00f3. Ez nem azt jelenti, hogy nem hi\u00e1nyzik nekik Magyarorsz\u00e1g, \u00e9s nem v\u00e1rn\u00e1k, amikor megy\u00fcnk haza. De az m\u00e1r a nyaral\u00e1shoz tartozik.<\/p>\n\n\n\n<p>Igaz\u00e1b\u00f3l fogalmam sincs, hogy egyszer m\u00e9g visszak\u00f6lt\u00f6z\u00fcnk-e Magyarorsz\u00e1gra. Az majd att\u00f3l is fog f\u00fcggeni, hogy a mi gyerekeink hol \u00e9lnek a csal\u00e1djukkal. Maradnak-e Norv\u00e9gi\u00e1ban, vagy \u0151k is elker\u00fclnek k\u00fclf\u00f6ldre egy m\u00e1sik orsz\u00e1gba. Mert, ha szanasz\u00e9t lesz\u00fcnk mindenhol, akkor majd Jan\u00e1val elkezdhet\u00fcnk gondolkodni, hogy hol maradjunk. Addig is az otthonunk pillanatnyilag ott van, ahol a gyerekeink vannak, megsp\u00e9kelve egy adag honv\u00e1ggyal. Ez most m\u00e1r \u00edgy marad. Ez az \u00e1ra annak, hogy k\u00e9t haz\u00e1nk van.<\/p>\n\n\n\n<figure class=\"wp-block-image size-large\"><img loading=\"lazy\" decoding=\"async\" width=\"768\" height=\"1024\" src=\"https:\/\/hellonorvegia.devengo.hu\/wp-content\/uploads\/2026\/01\/repcsi-768x1024.jpeg\" alt=\"\" class=\"wp-image-506\" srcset=\"https:\/\/hellonorvegia.devengo.hu\/wp-content\/uploads\/2026\/01\/repcsi-768x1024.jpeg 768w, https:\/\/hellonorvegia.devengo.hu\/wp-content\/uploads\/2026\/01\/repcsi-225x300.jpeg 225w, https:\/\/hellonorvegia.devengo.hu\/wp-content\/uploads\/2026\/01\/repcsi-1152x1536.jpeg 1152w, https:\/\/hellonorvegia.devengo.hu\/wp-content\/uploads\/2026\/01\/repcsi.jpeg 1536w\" sizes=\"auto, (max-width: 768px) 100vw, 768px\" \/><\/figure>\n","protected":false},"excerpt":{"rendered":"<p>Most olvastam egy bejegyz\u00e9st a facebookon egy Norv\u00e9gi\u00e1ban \u00e9l\u0151 magyart\u00f3l, aki arr\u00f3l \u00edrt, hogy milyen neh\u00e9z megv\u00e1laszolni, amikor azt a k\u00e9rd\u00e9st kapj\u00e1k, hogy mikor j\u00f6tt\u00f6k haza.&nbsp; Persze ez a k\u00e9rd\u00e9s minket is utol\u00e9rt m\u00e1r t\u00f6bbsz\u00f6r, vagy csak legyintve mondt\u00e1k, hogy Ti m\u00e1r biztosan nem j\u00f6tt\u00f6k haza. Pedig, t\u00f6bb mint 7 \u00e9ve nem \u00fagy indultunk el, [&hellip;]<\/p>\n","protected":false},"author":2,"featured_media":0,"comment_status":"closed","ping_status":"closed","sticky":false,"template":"","format":"standard","meta":{"footnotes":""},"categories":[1],"tags":[],"class_list":["post-504","post","type-post","status-publish","format-standard","hentry","category-uncategorized"],"_links":{"self":[{"href":"https:\/\/hellonorvegia.devengo.hu\/index.php?rest_route=\/wp\/v2\/posts\/504","targetHints":{"allow":["GET"]}}],"collection":[{"href":"https:\/\/hellonorvegia.devengo.hu\/index.php?rest_route=\/wp\/v2\/posts"}],"about":[{"href":"https:\/\/hellonorvegia.devengo.hu\/index.php?rest_route=\/wp\/v2\/types\/post"}],"author":[{"embeddable":true,"href":"https:\/\/hellonorvegia.devengo.hu\/index.php?rest_route=\/wp\/v2\/users\/2"}],"replies":[{"embeddable":true,"href":"https:\/\/hellonorvegia.devengo.hu\/index.php?rest_route=%2Fwp%2Fv2%2Fcomments&post=504"}],"version-history":[{"count":1,"href":"https:\/\/hellonorvegia.devengo.hu\/index.php?rest_route=\/wp\/v2\/posts\/504\/revisions"}],"predecessor-version":[{"id":507,"href":"https:\/\/hellonorvegia.devengo.hu\/index.php?rest_route=\/wp\/v2\/posts\/504\/revisions\/507"}],"wp:attachment":[{"href":"https:\/\/hellonorvegia.devengo.hu\/index.php?rest_route=%2Fwp%2Fv2%2Fmedia&parent=504"}],"wp:term":[{"taxonomy":"category","embeddable":true,"href":"https:\/\/hellonorvegia.devengo.hu\/index.php?rest_route=%2Fwp%2Fv2%2Fcategories&post=504"},{"taxonomy":"post_tag","embeddable":true,"href":"https:\/\/hellonorvegia.devengo.hu\/index.php?rest_route=%2Fwp%2Fv2%2Ftags&post=504"}],"curies":[{"name":"wp","href":"https:\/\/api.w.org\/{rel}","templated":true}]}}