{"id":53,"date":"2018-10-28T18:55:27","date_gmt":"2018-10-28T17:55:27","guid":{"rendered":"https:\/\/hellonorvegia.devengo.hu\/?p=53"},"modified":"2018-10-28T18:55:27","modified_gmt":"2018-10-28T17:55:27","slug":"kozlekedjunk","status":"publish","type":"post","link":"https:\/\/hellonorvegia.devengo.hu\/?p=53","title":{"rendered":"K\u00f6zlekedj\u00fcnk"},"content":{"rendered":"<p><span style=\"font-weight: 400;\">Reggelente, amikor Norm\u00f3t \u00e9s Pank\u00e1t viszem a \u00a0iskol\u00e1ba sokszor a sz\u00edvbaj ker\u00fclget att\u00f3l, ahogyan itt a gyerekek k\u00f6zlekednek. Lehet, hogy az itteni k\u00f6zleked\u00e9shez vannak szokva, ki tudja, de amikor folyamatosan azt l\u00e1tom, hogy k\u00f6r\u00fcln\u00e9z\u00e9s n\u00e9lk\u00fcl mennek \u00e1t a zebr\u00e1n, l\u00e9pnek le a j\u00e1rd\u00e1r\u00f3l, rosszul vagyok a l\u00e1tv\u00e1nyt\u00f3l \u00e9s rem\u00e9nykedek, hogy egyszer tal\u00e1n nem el\u00e9m l\u00e9pnek ki. Persze \u00e9n is lelassultam, \u00e9n nem sz\u00e1guldok m\u00e1r a kocsimmal, de az\u00e9rt bennem van az ideg, amikor az \u00faton a kisiskol\u00e1sok mellett haladok el. M\u00faltkor egy kisl\u00e1ny a bicaj\u00e1val a j\u00e1rd\u00e1r\u00f3l, pont egy kocsi el\u00e9 hajtott ki. Szerencs\u00e9tlen n\u0151 az aut\u00f3ban csak ingatta a fej\u00e9t, \u00e9n meg \u00e9reztem magamban a k\u00e9nyszert, hogy r\u00e1dud\u00e1ljak a kiscsajra &#8211; j\u00f3 magyar szok\u00e1s szerint- hogy vegye \u00e9szre mag\u00e1t. De itt semmi nem t\u00f6rt\u00e9nik, csak egy kis fejingat\u00e1s, azt\u00e1n ennyi. Ami m\u00e9g \u00e9rdekes az itteni utakon, hogy nagyon sok k\u00f6rforgalom van, m\u00faltkor m\u00e9g egy nagy alag\u00fatban is meglepett minket egy, illetve kertv\u00e1rosi r\u00e9szek tele vannak fekv\u0151rend\u0151r\u00f6kkel, de nem \u00e9rtem, hogy mi\u00e9rt, mert nekem \u00fagy t\u0171nik itt mindenki betartja a szab\u00e1lyokat.<\/span><\/p>\n","protected":false},"excerpt":{"rendered":"<p>Reggelente, amikor Norm\u00f3t \u00e9s Pank\u00e1t viszem a \u00a0iskol\u00e1ba sokszor a sz\u00edvbaj ker\u00fclget att\u00f3l, ahogyan itt a gyerekek k\u00f6zlekednek. Lehet, hogy az itteni k\u00f6zleked\u00e9shez vannak szokva, ki tudja, de amikor folyamatosan azt l\u00e1tom, hogy k\u00f6r\u00fcln\u00e9z\u00e9s n\u00e9lk\u00fcl mennek \u00e1t a zebr\u00e1n, l\u00e9pnek le a j\u00e1rd\u00e1r\u00f3l, rosszul vagyok a l\u00e1tv\u00e1nyt\u00f3l \u00e9s rem\u00e9nykedek, hogy egyszer tal\u00e1n nem el\u00e9m l\u00e9pnek [&hellip;]<\/p>\n","protected":false},"author":2,"featured_media":0,"comment_status":"open","ping_status":"open","sticky":false,"template":"","format":"standard","meta":{"footnotes":""},"categories":[1],"tags":[],"class_list":["post-53","post","type-post","status-publish","format-standard","hentry","category-uncategorized"],"_links":{"self":[{"href":"https:\/\/hellonorvegia.devengo.hu\/index.php?rest_route=\/wp\/v2\/posts\/53","targetHints":{"allow":["GET"]}}],"collection":[{"href":"https:\/\/hellonorvegia.devengo.hu\/index.php?rest_route=\/wp\/v2\/posts"}],"about":[{"href":"https:\/\/hellonorvegia.devengo.hu\/index.php?rest_route=\/wp\/v2\/types\/post"}],"author":[{"embeddable":true,"href":"https:\/\/hellonorvegia.devengo.hu\/index.php?rest_route=\/wp\/v2\/users\/2"}],"replies":[{"embeddable":true,"href":"https:\/\/hellonorvegia.devengo.hu\/index.php?rest_route=%2Fwp%2Fv2%2Fcomments&post=53"}],"version-history":[{"count":1,"href":"https:\/\/hellonorvegia.devengo.hu\/index.php?rest_route=\/wp\/v2\/posts\/53\/revisions"}],"predecessor-version":[{"id":54,"href":"https:\/\/hellonorvegia.devengo.hu\/index.php?rest_route=\/wp\/v2\/posts\/53\/revisions\/54"}],"wp:attachment":[{"href":"https:\/\/hellonorvegia.devengo.hu\/index.php?rest_route=%2Fwp%2Fv2%2Fmedia&parent=53"}],"wp:term":[{"taxonomy":"category","embeddable":true,"href":"https:\/\/hellonorvegia.devengo.hu\/index.php?rest_route=%2Fwp%2Fv2%2Fcategories&post=53"},{"taxonomy":"post_tag","embeddable":true,"href":"https:\/\/hellonorvegia.devengo.hu\/index.php?rest_route=%2Fwp%2Fv2%2Ftags&post=53"}],"curies":[{"name":"wp","href":"https:\/\/api.w.org\/{rel}","templated":true}]}}