{"id":59,"date":"2018-11-15T21:32:45","date_gmt":"2018-11-15T20:32:45","guid":{"rendered":"https:\/\/hellonorvegia.devengo.hu\/?p=59"},"modified":"2018-11-15T21:32:45","modified_gmt":"2018-11-15T20:32:45","slug":"otthon","status":"publish","type":"post","link":"https:\/\/hellonorvegia.devengo.hu\/?p=59","title":{"rendered":"Otthon"},"content":{"rendered":"<p><span style=\"font-weight: 400;\">K\u00e9t hete ism\u00e9t Magyarorsz\u00e1gra utaztam a temet\u00e9s miatt. Mivel fekete cuccom csak a feh\u00e9rv\u00e1ri h\u00e1zunkban van, ez\u00e9rt \u00a0egy szombat d\u00e9lel\u0151tt leugrottam elhozni \u0151ket. Furcsa volt ism\u00e9t otthon lenni. Egyr\u00e9szt mert tudtam, hogy utolj\u00e1ra itt \u00f6leltem magamhoz Aput, m\u00e1sr\u00e9szt nagyon k\u00edv\u00e1ncsi voltam, hogy milyen \u00e9rz\u00e9seket fog kiv\u00e1ltani bel\u0151lem, ha ism\u00e9t a h\u00e1zunkban leszek. <\/span><\/p>\n<p><span style=\"font-weight: 400;\">Hideg volt a h\u00e1zban, \u00e9s olyan \u00fcres volt\u2026 pedig a b\u00fatorok nagy r\u00e9sz\u00e9t nem hoztuk ki magunkkal. De m\u00e9gis, azzal, hogy nem voltak otthon a gyerekek, \u00e9s Jana nem \u00e9reztem m\u00e1r otthonomnak a h\u00e1zunkat. Az \u00e9reztem, hogy az otthonom ott van, ahol a csal\u00e1dom is. <\/span><\/p>\n<p><span style=\"font-weight: 400;\">Majd amikor kar\u00e1csonykor haza j\u00f6v\u00fcnk, majd akkor ism\u00e9t otthonomnak fogom \u00e9rezni a h\u00e1zat. Ott lesz az a melegs\u00e9g, ami most is k\u00f6r\u00fclvesz engem.<\/span><\/p>\n<p>&nbsp;<\/p>\n","protected":false},"excerpt":{"rendered":"<p>K\u00e9t hete ism\u00e9t Magyarorsz\u00e1gra utaztam a temet\u00e9s miatt. Mivel fekete cuccom csak a feh\u00e9rv\u00e1ri h\u00e1zunkban van, ez\u00e9rt \u00a0egy szombat d\u00e9lel\u0151tt leugrottam elhozni \u0151ket. Furcsa volt ism\u00e9t otthon lenni. Egyr\u00e9szt mert tudtam, hogy utolj\u00e1ra itt \u00f6leltem magamhoz Aput, m\u00e1sr\u00e9szt nagyon k\u00edv\u00e1ncsi voltam, hogy milyen \u00e9rz\u00e9seket fog kiv\u00e1ltani bel\u0151lem, ha ism\u00e9t a h\u00e1zunkban leszek. Hideg volt a [&hellip;]<\/p>\n","protected":false},"author":2,"featured_media":0,"comment_status":"open","ping_status":"open","sticky":false,"template":"","format":"standard","meta":{"footnotes":""},"categories":[1],"tags":[],"class_list":["post-59","post","type-post","status-publish","format-standard","hentry","category-uncategorized"],"_links":{"self":[{"href":"https:\/\/hellonorvegia.devengo.hu\/index.php?rest_route=\/wp\/v2\/posts\/59","targetHints":{"allow":["GET"]}}],"collection":[{"href":"https:\/\/hellonorvegia.devengo.hu\/index.php?rest_route=\/wp\/v2\/posts"}],"about":[{"href":"https:\/\/hellonorvegia.devengo.hu\/index.php?rest_route=\/wp\/v2\/types\/post"}],"author":[{"embeddable":true,"href":"https:\/\/hellonorvegia.devengo.hu\/index.php?rest_route=\/wp\/v2\/users\/2"}],"replies":[{"embeddable":true,"href":"https:\/\/hellonorvegia.devengo.hu\/index.php?rest_route=%2Fwp%2Fv2%2Fcomments&post=59"}],"version-history":[{"count":1,"href":"https:\/\/hellonorvegia.devengo.hu\/index.php?rest_route=\/wp\/v2\/posts\/59\/revisions"}],"predecessor-version":[{"id":60,"href":"https:\/\/hellonorvegia.devengo.hu\/index.php?rest_route=\/wp\/v2\/posts\/59\/revisions\/60"}],"wp:attachment":[{"href":"https:\/\/hellonorvegia.devengo.hu\/index.php?rest_route=%2Fwp%2Fv2%2Fmedia&parent=59"}],"wp:term":[{"taxonomy":"category","embeddable":true,"href":"https:\/\/hellonorvegia.devengo.hu\/index.php?rest_route=%2Fwp%2Fv2%2Fcategories&post=59"},{"taxonomy":"post_tag","embeddable":true,"href":"https:\/\/hellonorvegia.devengo.hu\/index.php?rest_route=%2Fwp%2Fv2%2Ftags&post=59"}],"curies":[{"name":"wp","href":"https:\/\/api.w.org\/{rel}","templated":true}]}}