{"id":64,"date":"2018-11-19T21:08:18","date_gmt":"2018-11-19T20:08:18","guid":{"rendered":"https:\/\/hellonorvegia.devengo.hu\/?p=64"},"modified":"2018-11-19T21:08:18","modified_gmt":"2018-11-19T20:08:18","slug":"de-surgos","status":"publish","type":"post","link":"https:\/\/hellonorvegia.devengo.hu\/?p=64","title":{"rendered":"De s\u00fcrg\u0151s&#8230;"},"content":{"rendered":"<p><span style=\"font-weight: 400;\">Ez a nap is \u00fagy indult, mint a t\u00f6bbi h\u00e9tv\u00e9gi vas\u00e1rnapunk. Eb\u00e9d ut\u00e1n kital\u00e1ltuk, hogy elmegy\u00fcnk kir\u00e1ndulni, ha m\u00e1r olyan sz\u00e9p naps\u00fct\u00e9ses id\u0151nk van. Elment\u00fcnk egy k\u00f6zeli kir\u00e1ndul\u00f3helyre, ahol szikl\u00e1kat megm\u00e1szva jutottunk fel a domb tetej\u00e9re, ahonnan gy\u00f6ny\u00f6r\u0171 kil\u00e1t\u00e1s ny\u00edlt Ols\u00f3ra. Kb egy \u00f3ra volt mire feljutottunk, \u00e9s v\u00e9g\u00fcl lefel\u00e9 is ennyi id\u0151be telt, mire le\u00e9rt\u00fcnk. Norm\u00f3 addig ugrabugr\u00e1lt, \u00e9s szaladg\u00e1lt k\u00f6r\u00fcl\u00f6tt\u00fcnk, hogy egyik alkalommal rosszul ugrott egy szikladarabra. \u00c9n m\u00e1r csak egy hatalmas ord\u00edt\u00e1st hallottam, \u00e9s ut\u00e1na m\u00e1r nem tudott r\u00e1\u00e1llni a jobb l\u00e1b\u00e1ra. Szerencs\u00e9re m\u00e1r nem voltunk olyan messze a kocsit\u00f3l, \u00edgy Jana a h\u00e1t\u00e1n hozta le. Haza\u00e9rt\u00fcnk, de m\u00e9g mindig nem b\u00edrt menni, ez\u00e9rt \u00fagy d\u00f6nt\u00f6tt\u00fcnk, hogy bevissz\u00fck a s\u00fcrg\u0151ss\u00e9gire. Persze el\u0151sz\u00f6r m\u00e9g meg kellett tal\u00e1lnunk, hogy egy\u00e1ltal\u00e1n hova kell menn\u00fcnk. Pank\u00e1\u00e9k sulij\u00e1t\u00f3l nem messze van a k\u00f3rh\u00e1z, kb 10 percre t\u0151l\u00fcnk. D\u00e9lut\u00e1n 5-re \u00e9rt\u00fcnk oda, \u00e9s este 21.45-kor j\u00f6tt\u00fcnk el onnan. Igen, j\u00f3l olvassa mindenki, itt is baromi nagy sz\u00edv\u00e1s a s\u00fcrg\u0151ss\u00e9gin lenni. Max annyival volt jobb, hogy szebb volt a k\u00f6rnyezet\u00fcnk, a WC tiszta volt, \u00e9s a mosd\u00f3n\u00e1l volt szappan. De majdnem 3 \u00f3r\u00e1t v\u00e1rtunk mire beh\u00edvtak minket a vizsg\u00e1l\u00f3ba. Pedig nem csak egy orvos dolgozott. De annyira nyugodtak voltak, semmi idegesked\u00e9s\u2026 nyugalom, \u00e9s baromi hossz\u00fa v\u00e1rakoz\u00e1si id\u0151 nek\u00fcnk. <\/span><span style=\"font-weight: 400;\">Szerencs\u00e9re nem t\u00f6rt el a l\u00e1ba, \u00edgy hazaengedtek minket azzal, hogy ha m\u00e9g f\u00e1j neki, akkor kapjon f\u00e1jdalomcsillap\u00edt\u00f3t. Ennyi\u2026<\/span><\/p>\n<p><span style=\"font-weight: 400;\">Id\u00e1ig 3 orsz\u00e1gban voltunk s\u00fcrg\u0151ss\u00e9gin, Magyarorsz\u00e1g, Ausztria \u00e9s most Norv\u00e9gia. Ha rangsorolni kellene, akkor toronymagasan Ausztria nyert, \u00f6sszesen 30 perccel. Norv\u00e9gia egy picit el\u0151zi meg az otthoni s\u00fcrg\u0151ss\u00e9git, mert id\u0151ben ugyanannyi, de a k\u00f3rh\u00e1z felszerel\u00e9se jobb, \u00e9s mindenki kedves volt, \u00e9s nyugodt. Nagyon rem\u00e9lem, hogy egy j\u00f3 darabig nem kell menni.<\/span><\/p>\n<div style=\"width: 640px;\" class=\"wp-video\"><video class=\"wp-video-shortcode\" id=\"video-64-1\" width=\"640\" height=\"1138\" preload=\"metadata\" controls=\"controls\"><source type=\"video\/mp4\" src=\"https:\/\/hellonorvegia.devengo.hu\/wp-content\/uploads\/2018\/11\/VID_20181118_182031.mp4?_=1\" \/><a href=\"https:\/\/hellonorvegia.devengo.hu\/wp-content\/uploads\/2018\/11\/VID_20181118_182031.mp4\">https:\/\/hellonorvegia.devengo.hu\/wp-content\/uploads\/2018\/11\/VID_20181118_182031.mp4<\/a><\/video><\/div>\n","protected":false},"excerpt":{"rendered":"<p>Ez a nap is \u00fagy indult, mint a t\u00f6bbi h\u00e9tv\u00e9gi vas\u00e1rnapunk. Eb\u00e9d ut\u00e1n kital\u00e1ltuk, hogy elmegy\u00fcnk kir\u00e1ndulni, ha m\u00e1r olyan sz\u00e9p naps\u00fct\u00e9ses id\u0151nk van. Elment\u00fcnk egy k\u00f6zeli kir\u00e1ndul\u00f3helyre, ahol szikl\u00e1kat megm\u00e1szva jutottunk fel a domb tetej\u00e9re, ahonnan gy\u00f6ny\u00f6r\u0171 kil\u00e1t\u00e1s ny\u00edlt Ols\u00f3ra. Kb egy \u00f3ra volt mire feljutottunk, \u00e9s v\u00e9g\u00fcl lefel\u00e9 is ennyi id\u0151be telt, mire [&hellip;]<\/p>\n","protected":false},"author":2,"featured_media":0,"comment_status":"open","ping_status":"open","sticky":false,"template":"","format":"standard","meta":{"footnotes":""},"categories":[1],"tags":[],"class_list":["post-64","post","type-post","status-publish","format-standard","hentry","category-uncategorized"],"_links":{"self":[{"href":"https:\/\/hellonorvegia.devengo.hu\/index.php?rest_route=\/wp\/v2\/posts\/64","targetHints":{"allow":["GET"]}}],"collection":[{"href":"https:\/\/hellonorvegia.devengo.hu\/index.php?rest_route=\/wp\/v2\/posts"}],"about":[{"href":"https:\/\/hellonorvegia.devengo.hu\/index.php?rest_route=\/wp\/v2\/types\/post"}],"author":[{"embeddable":true,"href":"https:\/\/hellonorvegia.devengo.hu\/index.php?rest_route=\/wp\/v2\/users\/2"}],"replies":[{"embeddable":true,"href":"https:\/\/hellonorvegia.devengo.hu\/index.php?rest_route=%2Fwp%2Fv2%2Fcomments&post=64"}],"version-history":[{"count":1,"href":"https:\/\/hellonorvegia.devengo.hu\/index.php?rest_route=\/wp\/v2\/posts\/64\/revisions"}],"predecessor-version":[{"id":66,"href":"https:\/\/hellonorvegia.devengo.hu\/index.php?rest_route=\/wp\/v2\/posts\/64\/revisions\/66"}],"wp:attachment":[{"href":"https:\/\/hellonorvegia.devengo.hu\/index.php?rest_route=%2Fwp%2Fv2%2Fmedia&parent=64"}],"wp:term":[{"taxonomy":"category","embeddable":true,"href":"https:\/\/hellonorvegia.devengo.hu\/index.php?rest_route=%2Fwp%2Fv2%2Fcategories&post=64"},{"taxonomy":"post_tag","embeddable":true,"href":"https:\/\/hellonorvegia.devengo.hu\/index.php?rest_route=%2Fwp%2Fv2%2Ftags&post=64"}],"curies":[{"name":"wp","href":"https:\/\/api.w.org\/{rel}","templated":true}]}}