{"id":72,"date":"2018-12-07T20:56:44","date_gmt":"2018-12-07T19:56:44","guid":{"rendered":"https:\/\/hellonorvegia.devengo.hu\/?p=72"},"modified":"2018-12-07T20:56:44","modified_gmt":"2018-12-07T19:56:44","slug":"winter-is-coming","status":"publish","type":"post","link":"https:\/\/hellonorvegia.devengo.hu\/?p=72","title":{"rendered":"Winter is coming"},"content":{"rendered":"<p><span style=\"font-weight: 400;\">Tegnap, Mikul\u00e1s napj\u00e1ra v\u00e9gre leesett a h\u00f3. Alig v\u00e1rtuk Pank\u00e1val, hogy Jana \u00e9s Norm\u00f3 vissza\u00e9rjen az edz\u00e9sr\u0151l, \u00e9s menj\u00fcnk sz\u00e1nk\u00f3zni. Az eg\u00e9szben az volt a vicces, hogy rajtunk k\u00edv\u00fcl m\u00e1s nem volt az utc\u00e1n, max csak azok, akik kuty\u00e1t s\u00e9t\u00e1ltattak. Sz\u00f3val l\u00e1tszik, hogy mi mennyire ki voltunk m\u00e1r \u00e9hezve a h\u00f3ra, mert este 9-kor ott hemperegt\u00fcnk, \u00e9s \u00f6r\u00fclt\u00fcnk magunknak. Szerintem majd m\u00e9g h\u00f3embert is fogunk \u00e9p\u00edteni, b\u00e1r a k\u00f6rny\u00e9ken m\u00e9g sehol nem l\u00e1ttam. Nagyon k\u00edv\u00e1ncsi voltam, hogy az eg\u00e9sz \u00e9jszakai havaz\u00e1s ut\u00e1n, hogy fognak kin\u00e9zni az utak, mert otthon a k\u00f6z\u00fat valahogy sohasem tudott felk\u00e9sz\u00fclni a havaz\u00e1sra, m\u00e9g akkor sem, amikor m\u00e1r a meteorol\u00f3gia napokkal el\u0151tte beharangozta, hogy esni fog a h\u00f3. \u00c9jszaka a h\u00f3kotr\u00f3k zaj\u00e1ra \u00e9bredtem, azt\u00e1n reggel l\u00e1ttam, hogy a f\u0151utak teljesen tiszt\u00e1k voltak, a mell\u00e9kutakat pedig telesz\u00f3rt\u00e1k kis kavicsokkal. Baromi j\u00f3l n\u00e9znek ki a kivil\u00e1g\u00edtott h\u00e1zak ebben a havas t\u00e1jban. Ma est\u00e9t\u0151l ism\u00e9t havazni fog. Vajon meddig fog itt tartani a t\u00e9l? Mondjuk, ha \u00e1prilisban m\u00e9g mindig h\u00f3ban fogunk j\u00e1rni, nem biztos, hogy ilyen lelkes maradok. \ud83d\ude42<\/span><\/p>\n<p><img loading=\"lazy\" decoding=\"async\" class=\"alignnone size-full wp-image-73\" src=\"https:\/\/hellonorvegia.devengo.hu\/wp-content\/uploads\/2018\/12\/t\u00e9l.jpg\" alt=\"\" width=\"814\" height=\"610\" \/><\/p>\n","protected":false},"excerpt":{"rendered":"<p>Tegnap, Mikul\u00e1s napj\u00e1ra v\u00e9gre leesett a h\u00f3. Alig v\u00e1rtuk Pank\u00e1val, hogy Jana \u00e9s Norm\u00f3 vissza\u00e9rjen az edz\u00e9sr\u0151l, \u00e9s menj\u00fcnk sz\u00e1nk\u00f3zni. Az eg\u00e9szben az volt a vicces, hogy rajtunk k\u00edv\u00fcl m\u00e1s nem volt az utc\u00e1n, max csak azok, akik kuty\u00e1t s\u00e9t\u00e1ltattak. Sz\u00f3val l\u00e1tszik, hogy mi mennyire ki voltunk m\u00e1r \u00e9hezve a h\u00f3ra, mert este 9-kor ott [&hellip;]<\/p>\n","protected":false},"author":2,"featured_media":0,"comment_status":"open","ping_status":"open","sticky":false,"template":"","format":"standard","meta":{"footnotes":""},"categories":[1],"tags":[],"class_list":["post-72","post","type-post","status-publish","format-standard","hentry","category-uncategorized"],"_links":{"self":[{"href":"https:\/\/hellonorvegia.devengo.hu\/index.php?rest_route=\/wp\/v2\/posts\/72","targetHints":{"allow":["GET"]}}],"collection":[{"href":"https:\/\/hellonorvegia.devengo.hu\/index.php?rest_route=\/wp\/v2\/posts"}],"about":[{"href":"https:\/\/hellonorvegia.devengo.hu\/index.php?rest_route=\/wp\/v2\/types\/post"}],"author":[{"embeddable":true,"href":"https:\/\/hellonorvegia.devengo.hu\/index.php?rest_route=\/wp\/v2\/users\/2"}],"replies":[{"embeddable":true,"href":"https:\/\/hellonorvegia.devengo.hu\/index.php?rest_route=%2Fwp%2Fv2%2Fcomments&post=72"}],"version-history":[{"count":1,"href":"https:\/\/hellonorvegia.devengo.hu\/index.php?rest_route=\/wp\/v2\/posts\/72\/revisions"}],"predecessor-version":[{"id":74,"href":"https:\/\/hellonorvegia.devengo.hu\/index.php?rest_route=\/wp\/v2\/posts\/72\/revisions\/74"}],"wp:attachment":[{"href":"https:\/\/hellonorvegia.devengo.hu\/index.php?rest_route=%2Fwp%2Fv2%2Fmedia&parent=72"}],"wp:term":[{"taxonomy":"category","embeddable":true,"href":"https:\/\/hellonorvegia.devengo.hu\/index.php?rest_route=%2Fwp%2Fv2%2Fcategories&post=72"},{"taxonomy":"post_tag","embeddable":true,"href":"https:\/\/hellonorvegia.devengo.hu\/index.php?rest_route=%2Fwp%2Fv2%2Ftags&post=72"}],"curies":[{"name":"wp","href":"https:\/\/api.w.org\/{rel}","templated":true}]}}