{"id":76,"date":"2018-12-11T22:03:42","date_gmt":"2018-12-11T21:03:42","guid":{"rendered":"https:\/\/hellonorvegia.devengo.hu\/?p=76"},"modified":"2018-12-11T22:03:42","modified_gmt":"2018-12-11T21:03:42","slug":"lathato","status":"publish","type":"post","link":"https:\/\/hellonorvegia.devengo.hu\/?p=76","title":{"rendered":"L\u00e1that\u00f3"},"content":{"rendered":"<p><span style=\"font-weight: 400;\">Miel\u0151tt kik\u00f6lt\u00f6zt\u00fcnk volna, voltak akik figyelmeztettek minket, hogy a t\u00e9li id\u0151szak nem is biztos a hideg miatt lesz rossz nek\u00fcnk, hanem mert \u00e9szakon sokkal r\u00f6videbbek a nappalok. D\u00e9lut\u00e1n m\u00e9g nem is annyira \u00e9rezz\u00fck, mert kb f\u00e9l \u00f3r\u00e1val megy le itt hamarabb a nap, de reggel 8-kor mikor viszem a gyerekeket suliba m\u00e9g sim\u00e1n s\u00f6t\u00e9t van. A legk\u00e9s\u0151bb majd december v\u00e9g\u00e9n, reggel 9.15-kor fog felkelni a nap. K\u00e9rdeztem a gyerekeket, hogy nem zavarja-e \u0151ket, hogy reggel m\u00e9g s\u00f6t\u00e9tben mennek suliban, de mondt\u00e1k, hogy nincs vele gondjuk. Viszont azt vettem \u00e9szre, hogy itt a biztons\u00e1gra nagyon figyelnek, f\u0151leg arra, hogy a s\u00f6t\u00e9tben j\u00f3l l\u00e1that\u00f3ak legyenek. Majdnem minden kisgyereken l\u00e1that\u00f3s\u00e1gi mell\u00e9ny van, vagy kark\u00f6t\u0151, vagy l\u00e1bk\u00f6t\u0151\u2026 stb. A l\u00e9nyeg, hogy k\u00f6nnyen \u00e9szre lehessen \u0151ket venni, \u00e9s nem csak a gyerekek hordanak f\u00e9nyvisszaver\u0151 cuccokat, hanem nagyon sok feln\u0151tten is l\u00e1tok. Norm\u00f3 is kapott aj\u00e1nd\u00e9kba egy mell\u00e9nyt a sulit\u00f3l. \ud83d\ude42 Sz\u00f3val \u00fagy t\u0171nik, hogy a r\u00f6vid nappalok nem igaz\u00e1n zavarj\u00e1k az ittenieket, \u00fagyan\u00fagy kint vannak az utc\u00e1n,\u00e9s egy\u00e9bk\u00e9nt is m\u00e1r \u00fagysem kell sok\u00e1ig v\u00e1rni, hogy a nappalok elkezdjenek ism\u00e9t hosszabbodni. <\/span><\/p>\n<p>&nbsp;<\/p>\n<figure id=\"attachment_77\" aria-describedby=\"caption-attachment-77\" style=\"width: 314px\" class=\"wp-caption alignnone\"><img loading=\"lazy\" decoding=\"async\" class=\" wp-image-77\" src=\"https:\/\/hellonorvegia.devengo.hu\/wp-content\/uploads\/2018\/12\/IMG_20181211_215918.jpg\" alt=\"\" width=\"314\" height=\"419\" \/><figcaption id=\"caption-attachment-77\" class=\"wp-caption-text\">edh<\/figcaption><\/figure>\n","protected":false},"excerpt":{"rendered":"<p>Miel\u0151tt kik\u00f6lt\u00f6zt\u00fcnk volna, voltak akik figyelmeztettek minket, hogy a t\u00e9li id\u0151szak nem is biztos a hideg miatt lesz rossz nek\u00fcnk, hanem mert \u00e9szakon sokkal r\u00f6videbbek a nappalok. D\u00e9lut\u00e1n m\u00e9g nem is annyira \u00e9rezz\u00fck, mert kb f\u00e9l \u00f3r\u00e1val megy le itt hamarabb a nap, de reggel 8-kor mikor viszem a gyerekeket suliba m\u00e9g sim\u00e1n s\u00f6t\u00e9t van. [&hellip;]<\/p>\n","protected":false},"author":2,"featured_media":0,"comment_status":"open","ping_status":"open","sticky":false,"template":"","format":"standard","meta":{"footnotes":""},"categories":[1],"tags":[],"class_list":["post-76","post","type-post","status-publish","format-standard","hentry","category-uncategorized"],"_links":{"self":[{"href":"https:\/\/hellonorvegia.devengo.hu\/index.php?rest_route=\/wp\/v2\/posts\/76","targetHints":{"allow":["GET"]}}],"collection":[{"href":"https:\/\/hellonorvegia.devengo.hu\/index.php?rest_route=\/wp\/v2\/posts"}],"about":[{"href":"https:\/\/hellonorvegia.devengo.hu\/index.php?rest_route=\/wp\/v2\/types\/post"}],"author":[{"embeddable":true,"href":"https:\/\/hellonorvegia.devengo.hu\/index.php?rest_route=\/wp\/v2\/users\/2"}],"replies":[{"embeddable":true,"href":"https:\/\/hellonorvegia.devengo.hu\/index.php?rest_route=%2Fwp%2Fv2%2Fcomments&post=76"}],"version-history":[{"count":1,"href":"https:\/\/hellonorvegia.devengo.hu\/index.php?rest_route=\/wp\/v2\/posts\/76\/revisions"}],"predecessor-version":[{"id":78,"href":"https:\/\/hellonorvegia.devengo.hu\/index.php?rest_route=\/wp\/v2\/posts\/76\/revisions\/78"}],"wp:attachment":[{"href":"https:\/\/hellonorvegia.devengo.hu\/index.php?rest_route=%2Fwp%2Fv2%2Fmedia&parent=76"}],"wp:term":[{"taxonomy":"category","embeddable":true,"href":"https:\/\/hellonorvegia.devengo.hu\/index.php?rest_route=%2Fwp%2Fv2%2Fcategories&post=76"},{"taxonomy":"post_tag","embeddable":true,"href":"https:\/\/hellonorvegia.devengo.hu\/index.php?rest_route=%2Fwp%2Fv2%2Ftags&post=76"}],"curies":[{"name":"wp","href":"https:\/\/api.w.org\/{rel}","templated":true}]}}