{"id":81,"date":"2018-12-22T12:56:34","date_gmt":"2018-12-22T11:56:34","guid":{"rendered":"https:\/\/hellonorvegia.devengo.hu\/?p=81"},"modified":"2018-12-22T12:56:34","modified_gmt":"2018-12-22T11:56:34","slug":"i-am-driving-for-home-for-christmas","status":"publish","type":"post","link":"https:\/\/hellonorvegia.devengo.hu\/?p=81","title":{"rendered":"I am driving for home for Christmas\u2026"},"content":{"rendered":"\n<p>M\u00e1sf\u00e9l napos utaz\u00e1s ut\u00e1n \u00fajb\u00f3l itthon vagyunk! \u00c9rdekes ezt \u00edgy le\u00edrni, hogy itthon vagyunk, mert k\u00f6zben a gyerekek, amikor mes\u00e9lnek, akkor Norv\u00e9gi\u00e1ban, m\u00e1r otthon vagyunk. Nagyon v\u00e1rt\u00e1k m\u00e1r, hogy haza \u00e9rj\u00fcnk, \u00e9s a hossz\u00fa utat is el\u00e9g j\u00f3l b\u00edrt\u00e1k, azt hiszem az utols\u00f3 80 km volt a leghosszabb, amikor Gy\u0151rn\u00e9l lej\u00f6tt\u00fcnk az aut\u00f3p\u00e1ly\u00e1r\u00f3l. <br><\/p>\n\n\n\n<p>Ma pont megk\u00e9rdezte valaki t\u0151lem, hogy \u00f6r\u00fcl\u00f6k, hogy itthon vagyok-e, de nem igaz\u00e1n tudom teljes sz\u00edvvel \u0151szint\u00e9n azt mondani, hogy igen. Persze \u00f6r\u00fcl\u00f6k ism\u00e9t az otthonunkban lenni, a csal\u00e1ddal \u00e9s bar\u00e1tokkal tal\u00e1lkozni, de mellette m\u00e9gis elszorul a sz\u00edvem. Amikor szeptemberben elindultunk Pank\u00e1val s\u00edrva b\u00facs\u00faztunk a nagysz\u00fcl\u0151kt\u0151l. Akkor Apuk\u00e1m azt mondta, hogy ne s\u00edrjak, mert kar\u00e1csonykor tal\u00e1lkozunk, \u00e9s az nemsok\u00e1ra itt van. Emiatt nem sz\u00edvesen j\u00f6ttem haza, mert nem akartam megint azzal szembes\u00fclni, hogy nem lett igaza. Persze sz\u00e9p kar\u00e1csonyt fogunk a gyerekeknek var\u00e1zsolni, de m\u00e1r semmi sem olyan lesz, mint r\u00e9gen&#8230;<\/p>\n\n\n\n<p><\/p>\n\n\n\n<ul class=\"wp-block-gallery columns-1 is-cropped wp-block-gallery-1 is-layout-flex wp-block-gallery-is-layout-flex\"><li class=\"blocks-gallery-item\"><figure><img loading=\"lazy\" decoding=\"async\" width=\"1085\" height=\"610\" src=\"https:\/\/hellonorvegia.devengo.hu\/wp-content\/uploads\/2018\/12\/indul\u00e1s.jpg\" alt=\"\" data-id=\"82\" data-link=\"https:\/\/hellonorvegia.devengo.hu\/?attachment_id=82\" class=\"wp-image-82\"\/><\/figure><\/li><\/ul>\n\n\n\n<p><\/p>\n\n\n\n<p><br><\/p>\n","protected":false},"excerpt":{"rendered":"<p>M\u00e1sf\u00e9l napos utaz\u00e1s ut\u00e1n \u00fajb\u00f3l itthon vagyunk! \u00c9rdekes ezt \u00edgy le\u00edrni, hogy itthon vagyunk, mert k\u00f6zben a gyerekek, amikor mes\u00e9lnek, akkor Norv\u00e9gi\u00e1ban, m\u00e1r otthon vagyunk. Nagyon v\u00e1rt\u00e1k m\u00e1r, hogy haza \u00e9rj\u00fcnk, \u00e9s a hossz\u00fa utat is el\u00e9g j\u00f3l b\u00edrt\u00e1k, azt hiszem az utols\u00f3 80 km volt a leghosszabb, amikor Gy\u0151rn\u00e9l lej\u00f6tt\u00fcnk az aut\u00f3p\u00e1ly\u00e1r\u00f3l. Ma pont [&hellip;]<\/p>\n","protected":false},"author":2,"featured_media":0,"comment_status":"open","ping_status":"open","sticky":false,"template":"","format":"standard","meta":{"footnotes":""},"categories":[1],"tags":[],"class_list":["post-81","post","type-post","status-publish","format-standard","hentry","category-uncategorized"],"_links":{"self":[{"href":"https:\/\/hellonorvegia.devengo.hu\/index.php?rest_route=\/wp\/v2\/posts\/81","targetHints":{"allow":["GET"]}}],"collection":[{"href":"https:\/\/hellonorvegia.devengo.hu\/index.php?rest_route=\/wp\/v2\/posts"}],"about":[{"href":"https:\/\/hellonorvegia.devengo.hu\/index.php?rest_route=\/wp\/v2\/types\/post"}],"author":[{"embeddable":true,"href":"https:\/\/hellonorvegia.devengo.hu\/index.php?rest_route=\/wp\/v2\/users\/2"}],"replies":[{"embeddable":true,"href":"https:\/\/hellonorvegia.devengo.hu\/index.php?rest_route=%2Fwp%2Fv2%2Fcomments&post=81"}],"version-history":[{"count":1,"href":"https:\/\/hellonorvegia.devengo.hu\/index.php?rest_route=\/wp\/v2\/posts\/81\/revisions"}],"predecessor-version":[{"id":83,"href":"https:\/\/hellonorvegia.devengo.hu\/index.php?rest_route=\/wp\/v2\/posts\/81\/revisions\/83"}],"wp:attachment":[{"href":"https:\/\/hellonorvegia.devengo.hu\/index.php?rest_route=%2Fwp%2Fv2%2Fmedia&parent=81"}],"wp:term":[{"taxonomy":"category","embeddable":true,"href":"https:\/\/hellonorvegia.devengo.hu\/index.php?rest_route=%2Fwp%2Fv2%2Fcategories&post=81"},{"taxonomy":"post_tag","embeddable":true,"href":"https:\/\/hellonorvegia.devengo.hu\/index.php?rest_route=%2Fwp%2Fv2%2Ftags&post=81"}],"curies":[{"name":"wp","href":"https:\/\/api.w.org\/{rel}","templated":true}]}}