{"id":84,"date":"2018-12-28T20:23:17","date_gmt":"2018-12-28T19:23:17","guid":{"rendered":"https:\/\/hellonorvegia.devengo.hu\/?p=84"},"modified":"2018-12-28T20:38:41","modified_gmt":"2018-12-28T19:38:41","slug":"itthon-vagyunk-es-nemsokara-haza-megyunk","status":"publish","type":"post","link":"https:\/\/hellonorvegia.devengo.hu\/?p=84","title":{"rendered":"Itthon vagyunk, \u00e9s nemsok\u00e1ra megy\u00fcnk haza"},"content":{"rendered":"\n<p>M\u00e1r egy hete, hogy itthon vagyunk, \u00e9s egy h\u00e9t m\u00falva megy\u00fcnk haza. Folyamatosan szembe tal\u00e1ljuk magunkat azzal, hogy amikor az otthonunkr\u00f3l besz\u00e9l\u00fcnk, akkor vagy az ittenire gondolunk vagy az ottanira. P\u00e1r nap alatt teljesen visszaszoktunk a h\u00e1zunkban. Az elej\u00e9n \u00e9n m\u00e9g egy kicsit meg voltam kavarodva a konyh\u00e1ban, pl a mikr\u00f3n\u00e1l kerestem a gy\u00f3gyszeres dobozt, meg r\u00e1j\u00f6ttem, hogy mind a kett\u0151 mer\u0151kanalat kivittem Norv\u00e9gi\u00e1ba. M\u00e9g most sem \u00e9rtem, hogy minek? Meg persze most l\u00e1ttam, hogy mennyi mindent hagytam itthon, ami most hi\u00e1nyzik nekem, amikor otthon vagyunk. Mik\u00f6zben egyre jobban kezdj\u00fck belakni a h\u00e1zat, (macsk\u00e1nk is haza tal\u00e1lt) \u00e9n m\u00e1r olyan szemmel p\u00e1szt\u00e1zom a holmijainkat, hogy mit hogyan fogunk elpakolni, esetleg mi lesz, ami nem fog bef\u00e9rni a b\u0151r\u00f6ndbe.Ilyen szempontb\u00f3l rep\u00fcl\u0151vel visszamenni nagy sz\u00edv\u00e1s. Na, de addig is m\u00e9g \u00e9lvezz\u00fck, hogy itthon vagyunk, tal\u00e1lkozunk a csal\u00e1djainkkal, bar\u00e1tokkal. Szinte minden nap van valami programunk. \ud83d\ude42<\/p>\n\n\n\n<p><br><\/p>\n\n\n\n<figure class=\"wp-block-image\"><img loading=\"lazy\" decoding=\"async\" width=\"2448\" height=\"3264\" src=\"https:\/\/hellonorvegia.devengo.hu\/wp-content\/uploads\/2018\/12\/IMG_20181228_173741.jpg\" alt=\"\" class=\"wp-image-85\"\/><figcaption>btrmdn<\/figcaption><\/figure>\n","protected":false},"excerpt":{"rendered":"<p>M\u00e1r egy hete, hogy itthon vagyunk, \u00e9s egy h\u00e9t m\u00falva megy\u00fcnk haza. Folyamatosan szembe tal\u00e1ljuk magunkat azzal, hogy amikor az otthonunkr\u00f3l besz\u00e9l\u00fcnk, akkor vagy az ittenire gondolunk vagy az ottanira. P\u00e1r nap alatt teljesen visszaszoktunk a h\u00e1zunkban. Az elej\u00e9n \u00e9n m\u00e9g egy kicsit meg voltam kavarodva a konyh\u00e1ban, pl a mikr\u00f3n\u00e1l kerestem a gy\u00f3gyszeres dobozt, [&hellip;]<\/p>\n","protected":false},"author":2,"featured_media":0,"comment_status":"open","ping_status":"open","sticky":false,"template":"","format":"standard","meta":{"footnotes":""},"categories":[1],"tags":[],"class_list":["post-84","post","type-post","status-publish","format-standard","hentry","category-uncategorized"],"_links":{"self":[{"href":"https:\/\/hellonorvegia.devengo.hu\/index.php?rest_route=\/wp\/v2\/posts\/84","targetHints":{"allow":["GET"]}}],"collection":[{"href":"https:\/\/hellonorvegia.devengo.hu\/index.php?rest_route=\/wp\/v2\/posts"}],"about":[{"href":"https:\/\/hellonorvegia.devengo.hu\/index.php?rest_route=\/wp\/v2\/types\/post"}],"author":[{"embeddable":true,"href":"https:\/\/hellonorvegia.devengo.hu\/index.php?rest_route=\/wp\/v2\/users\/2"}],"replies":[{"embeddable":true,"href":"https:\/\/hellonorvegia.devengo.hu\/index.php?rest_route=%2Fwp%2Fv2%2Fcomments&post=84"}],"version-history":[{"count":2,"href":"https:\/\/hellonorvegia.devengo.hu\/index.php?rest_route=\/wp\/v2\/posts\/84\/revisions"}],"predecessor-version":[{"id":87,"href":"https:\/\/hellonorvegia.devengo.hu\/index.php?rest_route=\/wp\/v2\/posts\/84\/revisions\/87"}],"wp:attachment":[{"href":"https:\/\/hellonorvegia.devengo.hu\/index.php?rest_route=%2Fwp%2Fv2%2Fmedia&parent=84"}],"wp:term":[{"taxonomy":"category","embeddable":true,"href":"https:\/\/hellonorvegia.devengo.hu\/index.php?rest_route=%2Fwp%2Fv2%2Fcategories&post=84"},{"taxonomy":"post_tag","embeddable":true,"href":"https:\/\/hellonorvegia.devengo.hu\/index.php?rest_route=%2Fwp%2Fv2%2Ftags&post=84"}],"curies":[{"name":"wp","href":"https:\/\/api.w.org\/{rel}","templated":true}]}}