{"id":89,"date":"2019-01-08T22:02:50","date_gmt":"2019-01-08T21:02:50","guid":{"rendered":"https:\/\/hellonorvegia.devengo.hu\/?p=89"},"modified":"2019-01-08T22:04:14","modified_gmt":"2019-01-08T21:04:14","slug":"ujbol-itthon","status":"publish","type":"post","link":"https:\/\/hellonorvegia.devengo.hu\/?p=89","title":{"rendered":"\u00dajb\u00f3l itthon"},"content":{"rendered":"\n<p>M\u00falt h\u00e9t p\u00e9nteken kipr\u00f3b\u00e1lhattuk, hogy milyen is a haza\u00fat rep\u00fcl\u0151vel. Reggel 9.48-kor indult a vonatunk Feh\u00e9rv\u00e1rr\u00f3l, \u00e9s este negyed 7-re \u00e9rt\u00fcnk haza. A rept\u00e9ren ezer ember, csomagfelad\u00e1s\u00e1n\u00e1l egy hosszas sorban \u00e1ll\u00e1s. Azt\u00e1n mire \u00e1tjuttottunk a biztons\u00e1gi ellen\u0151rz\u00e9sen, v\u00e9gre mehett\u00fcnk eb\u00e9delni. Ut\u00e1na Pank\u00e1val m\u00e9g bementem egy boltba venni vizet, k\u00e1v\u00e9t stb\u2026 Fogalmam sincsen, hogy addig Jan\u00e1\u00e9k merre k\u00f3sz\u00e1ltak\u2026 Egyszer csak Panka sz\u00f3lt, hogy a kijelz\u0151re a g\u00e9p\u00fcnk mell\u00e9 az van \u00edrva, hogy \u201cLAST CALL\u201d. \u00c1\u00e1\u00e1\u00e1\u00e1 gondoltam magamban, csak biztosan f\u00e9lren\u00e9zte, m\u00e9g van id\u0151nk\u2026 Sz\u00e9p lassan odamentem a kijelz\u0151h\u00f6z, azt\u00e1n kiugrottak a szemeim, \u00e9s onnant\u00f3l felgyorsultak az esem\u00e9nyek. H\u00edvtam Jan\u00e1t, hogy b\u00e1rhol is vannak fut\u00e1s a kapuhoz, meg persze mi is rohantunk. Siker\u00fclt az utols\u00f3k k\u00f6z\u00f6tt felsz\u00e1llni a g\u00e9pre, de el\u00e9rt\u00fck. \ud83d\ude42 <br><\/p>\n\n\n\n<p>Nagyon k\u00edv\u00e1ncsi voltam, hogy a gyerekek milyen \u00e9rz\u00e9sekkel j\u00f6nnek haza, mert 2 h\u00e9t alatt el\u00e9g hamar vissza szoktunk az otthoni \u00e9letbe, r\u00e1ad\u00e1sul  a volt sulijukat is megl\u00e1togatt\u00e1k, sz\u00f3val kicsit tartottam att\u00f3l, hogy ism\u00e9t neh\u00e9z lesz az elv\u00e1l\u00e1s. Igaz\u00e1b\u00f3l el\u00e9gg\u00e9 laz\u00e1n vett\u00e9k, hogy utazunk vissza Norv\u00e9gi\u00e1ba. Panka m\u00e1r v\u00e1rta a suli kezd\u00e9st, hogy ism\u00e9t tal\u00e1lkozhasson az itteni bar\u00e1tn\u0151ivel. Norm\u00f3 annyira nem volt elragadtatva, de \u0150 \u00fagy \u00e1ltal\u00e1ban nem szeret iskol\u00e1ba j\u00e1rni, t\u00f6k mindegy, hogy hol van Feh\u00e9rv\u00e1ron vagy Norv\u00e9gi\u00e1ban. <\/p>\n\n\n\n<ul class=\"wp-block-gallery columns-1 is-cropped wp-block-gallery-1 is-layout-flex wp-block-gallery-is-layout-flex\"><li class=\"blocks-gallery-item\"><figure><img loading=\"lazy\" decoding=\"async\" width=\"814\" height=\"610\" src=\"https:\/\/hellonorvegia.devengo.hu\/wp-content\/uploads\/2019\/01\/haza-fel\u00e9.jpg\" alt=\"\" data-id=\"90\" data-link=\"https:\/\/hellonorvegia.devengo.hu\/?attachment_id=90\" class=\"wp-image-90\"\/><\/figure><\/li><\/ul>\n","protected":false},"excerpt":{"rendered":"<p>M\u00falt h\u00e9t p\u00e9nteken kipr\u00f3b\u00e1lhattuk, hogy milyen is a haza\u00fat rep\u00fcl\u0151vel. Reggel 9.48-kor indult a vonatunk Feh\u00e9rv\u00e1rr\u00f3l, \u00e9s este negyed 7-re \u00e9rt\u00fcnk haza. A rept\u00e9ren ezer ember, csomagfelad\u00e1s\u00e1n\u00e1l egy hosszas sorban \u00e1ll\u00e1s. Azt\u00e1n mire \u00e1tjuttottunk a biztons\u00e1gi ellen\u0151rz\u00e9sen, v\u00e9gre mehett\u00fcnk eb\u00e9delni. Ut\u00e1na Pank\u00e1val m\u00e9g bementem egy boltba venni vizet, k\u00e1v\u00e9t stb\u2026 Fogalmam sincsen, hogy addig Jan\u00e1\u00e9k [&hellip;]<\/p>\n","protected":false},"author":2,"featured_media":0,"comment_status":"open","ping_status":"open","sticky":false,"template":"","format":"standard","meta":{"footnotes":""},"categories":[1],"tags":[],"class_list":["post-89","post","type-post","status-publish","format-standard","hentry","category-uncategorized"],"_links":{"self":[{"href":"https:\/\/hellonorvegia.devengo.hu\/index.php?rest_route=\/wp\/v2\/posts\/89","targetHints":{"allow":["GET"]}}],"collection":[{"href":"https:\/\/hellonorvegia.devengo.hu\/index.php?rest_route=\/wp\/v2\/posts"}],"about":[{"href":"https:\/\/hellonorvegia.devengo.hu\/index.php?rest_route=\/wp\/v2\/types\/post"}],"author":[{"embeddable":true,"href":"https:\/\/hellonorvegia.devengo.hu\/index.php?rest_route=\/wp\/v2\/users\/2"}],"replies":[{"embeddable":true,"href":"https:\/\/hellonorvegia.devengo.hu\/index.php?rest_route=%2Fwp%2Fv2%2Fcomments&post=89"}],"version-history":[{"count":3,"href":"https:\/\/hellonorvegia.devengo.hu\/index.php?rest_route=\/wp\/v2\/posts\/89\/revisions"}],"predecessor-version":[{"id":93,"href":"https:\/\/hellonorvegia.devengo.hu\/index.php?rest_route=\/wp\/v2\/posts\/89\/revisions\/93"}],"wp:attachment":[{"href":"https:\/\/hellonorvegia.devengo.hu\/index.php?rest_route=%2Fwp%2Fv2%2Fmedia&parent=89"}],"wp:term":[{"taxonomy":"category","embeddable":true,"href":"https:\/\/hellonorvegia.devengo.hu\/index.php?rest_route=%2Fwp%2Fv2%2Fcategories&post=89"},{"taxonomy":"post_tag","embeddable":true,"href":"https:\/\/hellonorvegia.devengo.hu\/index.php?rest_route=%2Fwp%2Fv2%2Ftags&post=89"}],"curies":[{"name":"wp","href":"https:\/\/api.w.org\/{rel}","templated":true}]}}