{"id":94,"date":"2019-01-13T19:20:11","date_gmt":"2019-01-13T18:20:11","guid":{"rendered":"https:\/\/hellonorvegia.devengo.hu\/?p=94"},"modified":"2019-01-13T19:20:11","modified_gmt":"2019-01-13T18:20:11","slug":"osszetartas","status":"publish","type":"post","link":"https:\/\/hellonorvegia.devengo.hu\/?p=94","title":{"rendered":"\u00d6sszetart\u00e1s"},"content":{"rendered":"\n<p><strong>Gondolkoztam azon, hogy ennek a bejegyz\u00e9snek azt a c\u00edmet adjam, hogy \u201cDe cukiiiiii\u2026.\u201d, de m\u00e9g \u00edgy is kock\u00e1ztatom azt, hogy ha majd egyszer Norm\u00f3 is elolvassa a bejegyz\u00e9seimet, akkor nem mindig fog \u00f6r\u00fclni annak, hogy k\u00fcl\u00f6n r\u00f3la is \u00edrtam, sz\u00f3val nem akarok m\u00e9g a c\u00edmmel is t\u00fall\u0151ni a c\u00e9lon.T\u00f6rt\u00e9nt ugyanis, hogy a h\u00e9ten megjelent a v\u00e9d\u0151 n\u00e9ni Norbi oszt\u00e1ly\u00e1ba, hogy elvigye mag\u00e1val beadni neki a Hepatitis B eml\u00e9keztet\u0151 olt\u00e1s\u00e1t. Norbi erre felment Panka oszt\u00e1ly\u00e1ba, \u00e9s odament a tes\u00f3j\u00e1hoz, hogy: \u201cPanka elj\u00f6ssz velem? Most akarj\u00e1k beadni nekem az olt\u00e1st!\u201d Pank\u00e1nak sem kellett k\u00e9tszer mondani, v\u00e9gre babusgathatta az \u00f6ccs\u00e9t, an\u00e9lk\u00fcl, hogy Norm\u00f3 kiakadt volna. Lent az orvosi szob\u00e1ban, Norm\u00f3 be\u00fclt Panka \u00f6l\u00e9be, \u00e9s v\u00e9g\u00fcl \u00fagy kapta meg az olt\u00e1st. Ez annyira cukiiii, \u00e9s olyan j\u00f3 volt \u00a0hallani, hogy tudnak egym\u00e1sra sz\u00e1m\u00edtani. <\/strong><\/p>\n\n\n\n<figure class=\"wp-block-image\"><img loading=\"lazy\" decoding=\"async\" width=\"1280\" height=\"850\" src=\"https:\/\/hellonorvegia.devengo.hu\/wp-content\/uploads\/2019\/01\/IMG-e5895e3ffc1d339d2f1da3ef68bfceca-V.jpg\" alt=\"\" class=\"wp-image-95\"\/><\/figure>\n\n\n\n<p><\/p>\n","protected":false},"excerpt":{"rendered":"<p>Gondolkoztam azon, hogy ennek a bejegyz\u00e9snek azt a c\u00edmet adjam, hogy \u201cDe cukiiiiii\u2026.\u201d, de m\u00e9g \u00edgy is kock\u00e1ztatom azt, hogy ha majd egyszer Norm\u00f3 is elolvassa a bejegyz\u00e9seimet, akkor nem mindig fog \u00f6r\u00fclni annak, hogy k\u00fcl\u00f6n r\u00f3la is \u00edrtam, sz\u00f3val nem akarok m\u00e9g a c\u00edmmel is t\u00fall\u0151ni a c\u00e9lon.T\u00f6rt\u00e9nt ugyanis, hogy a h\u00e9ten megjelent a [&hellip;]<\/p>\n","protected":false},"author":2,"featured_media":0,"comment_status":"open","ping_status":"open","sticky":false,"template":"","format":"standard","meta":{"footnotes":""},"categories":[1],"tags":[],"class_list":["post-94","post","type-post","status-publish","format-standard","hentry","category-uncategorized"],"_links":{"self":[{"href":"https:\/\/hellonorvegia.devengo.hu\/index.php?rest_route=\/wp\/v2\/posts\/94","targetHints":{"allow":["GET"]}}],"collection":[{"href":"https:\/\/hellonorvegia.devengo.hu\/index.php?rest_route=\/wp\/v2\/posts"}],"about":[{"href":"https:\/\/hellonorvegia.devengo.hu\/index.php?rest_route=\/wp\/v2\/types\/post"}],"author":[{"embeddable":true,"href":"https:\/\/hellonorvegia.devengo.hu\/index.php?rest_route=\/wp\/v2\/users\/2"}],"replies":[{"embeddable":true,"href":"https:\/\/hellonorvegia.devengo.hu\/index.php?rest_route=%2Fwp%2Fv2%2Fcomments&post=94"}],"version-history":[{"count":1,"href":"https:\/\/hellonorvegia.devengo.hu\/index.php?rest_route=\/wp\/v2\/posts\/94\/revisions"}],"predecessor-version":[{"id":96,"href":"https:\/\/hellonorvegia.devengo.hu\/index.php?rest_route=\/wp\/v2\/posts\/94\/revisions\/96"}],"wp:attachment":[{"href":"https:\/\/hellonorvegia.devengo.hu\/index.php?rest_route=%2Fwp%2Fv2%2Fmedia&parent=94"}],"wp:term":[{"taxonomy":"category","embeddable":true,"href":"https:\/\/hellonorvegia.devengo.hu\/index.php?rest_route=%2Fwp%2Fv2%2Fcategories&post=94"},{"taxonomy":"post_tag","embeddable":true,"href":"https:\/\/hellonorvegia.devengo.hu\/index.php?rest_route=%2Fwp%2Fv2%2Ftags&post=94"}],"curies":[{"name":"wp","href":"https:\/\/api.w.org\/{rel}","templated":true}]}}